{"id":3197,"date":"2017-01-05T08:26:53","date_gmt":"2017-01-05T07:26:53","guid":{"rendered":"http:\/\/jennecken.de\/?p=3197"},"modified":"2017-01-27T15:29:40","modified_gmt":"2017-01-27T14:29:40","slug":"tannenbaum-aktion","status":"publish","type":"post","link":"https:\/\/jennecken.de\/?p=3197","title":{"rendered":"Tannenbaum Aktion"},"content":{"rendered":"<p>Am Samstag, den 14. Januar 2017 findet die allj\u00e4hrliche Tannenbaum-Aktion der Ev. Jugend Drabenderh\u00f6he statt. Ab 9.00 Uhr morgens werden an diesem Tag in den umliegenden Ortschaften die ausgedienten Weihnachtsb\u00e4ume eingesammelt. Jennecken ist wie immer auch dabei.<\/p>\n<figure id=\"attachment_3317\" aria-describedby=\"caption-attachment-3317\" style=\"width: 400px\" class=\"wp-caption aligncenter\"><img loading=\"lazy\" decoding=\"async\" class=\"size-full wp-image-3317\" src=\"https:\/\/jennecken.de\/wp-content\/uploads\/2017\/01\/Tannenbaumaktion2013.jpg\" alt=\"\" width=\"400\" height=\"238\" srcset=\"https:\/\/jennecken.de\/wp-content\/uploads\/2017\/01\/Tannenbaumaktion2013.jpg 400w, https:\/\/jennecken.de\/wp-content\/uploads\/2017\/01\/Tannenbaumaktion2013-300x179.jpg 300w\" sizes=\"auto, (max-width: 400px) 100vw, 400px\" \/><figcaption id=\"caption-attachment-3317\" class=\"wp-caption-text\">Quelle: wiehl.de 2013<\/figcaption><\/figure>\n<p>Bitte die Tannenb\u00e4ume gut sichtbar an die Stra\u00dfe legen und eine kleine Spende bereithalten.<br \/>\nWeitere Info&#8217;s unter\u00a0<a href=\"http:\/\/drabenderhoehe.de\/\">drabenderhoehe.de \u2192<\/a>.<\/p>\n<p><span style=\"font-family: arial,verdana,helvetica; font-size: small;\"><br \/>\n<\/span><\/p>\n","protected":false},"excerpt":{"rendered":"<p>Am Samstag, den 14. Januar 2017 findet die allj\u00e4hrliche Tannenbaum-Aktion der Ev. Jugend Drabenderh\u00f6he statt. Ab 9.00 Uhr morgens werden an diesem Tag in den umliegenden Ortschaften die ausgedienten Weihnachtsb\u00e4ume eingesammelt. Jennecken ist wie immer auch dabei. Bitte die Tannenb\u00e4ume gut sichtbar an die Stra\u00dfe legen und eine kleine Spende bereithalten. Weitere Info&#8217;s unter\u00a0drabenderhoehe.de \u2192.<\/p>\n","protected":false},"author":1001002,"featured_media":0,"comment_status":"closed","ping_status":"closed","sticky":false,"template":"","format":"standard","meta":{"footnotes":""},"categories":[4],"tags":[123],"class_list":["post-3197","post","type-post","status-publish","format-standard","hentry","category-neues-aus-jennecken","tag-weihnachtsbaum"],"_links":{"self":[{"href":"https:\/\/jennecken.de\/index.php?rest_route=\/wp\/v2\/posts\/3197","targetHints":{"allow":["GET"]}}],"collection":[{"href":"https:\/\/jennecken.de\/index.php?rest_route=\/wp\/v2\/posts"}],"about":[{"href":"https:\/\/jennecken.de\/index.php?rest_route=\/wp\/v2\/types\/post"}],"author":[{"embeddable":true,"href":"https:\/\/jennecken.de\/index.php?rest_route=\/wp\/v2\/users\/1001002"}],"replies":[{"embeddable":true,"href":"https:\/\/jennecken.de\/index.php?rest_route=%2Fwp%2Fv2%2Fcomments&post=3197"}],"version-history":[{"count":6,"href":"https:\/\/jennecken.de\/index.php?rest_route=\/wp\/v2\/posts\/3197\/revisions"}],"predecessor-version":[{"id":3318,"href":"https:\/\/jennecken.de\/index.php?rest_route=\/wp\/v2\/posts\/3197\/revisions\/3318"}],"wp:attachment":[{"href":"https:\/\/jennecken.de\/index.php?rest_route=%2Fwp%2Fv2%2Fmedia&parent=3197"}],"wp:term":[{"taxonomy":"category","embeddable":true,"href":"https:\/\/jennecken.de\/index.php?rest_route=%2Fwp%2Fv2%2Fcategories&post=3197"},{"taxonomy":"post_tag","embeddable":true,"href":"https:\/\/jennecken.de\/index.php?rest_route=%2Fwp%2Fv2%2Ftags&post=3197"}],"curies":[{"name":"wp","href":"https:\/\/api.w.org\/{rel}","templated":true}]}}