{"id":3202,"date":"2017-01-08T16:37:11","date_gmt":"2017-01-08T15:37:11","guid":{"rendered":"http:\/\/jennecken.de\/?p=3202"},"modified":"2022-03-15T19:40:46","modified_gmt":"2022-03-15T18:40:46","slug":"facebook","status":"publish","type":"post","link":"https:\/\/jennecken.de\/?p=3202","title":{"rendered":"Soziale Medien"},"content":{"rendered":"<p>Die Jennecker Facebook Seite\u00a0wurde erneuert und wird nun regelm\u00e4\u00dfig wieder \u00fcber Neuigkeiten in unserem Dorf berichten!<\/p>\n<p>Zur Facebook Seite <a href=\"https:\/\/www.facebook.com\/jennecken\/\" target=\"_blank\" rel=\"noopener\">&#8230;hier\u00bb<\/a>.<\/p>\n<p>Jennecken auf Twitter: <a href=\"https:\/\/twitter.com\/jennecken\" target=\"_blank\" rel=\"noopener\">&#8230;hier\u00bb<\/a> und Google+ <a href=\"https:\/\/plus.google.com\/+JenneckenDe\" target=\"_blank\" rel=\"noopener\">&#8230;hier\u00bb<\/a>.<\/p>\n","protected":false},"excerpt":{"rendered":"<p>Die Jennecker Facebook Seite\u00a0wurde erneuert und wird nun regelm\u00e4\u00dfig wieder \u00fcber Neuigkeiten in unserem Dorf berichten! Zur Facebook Seite &#8230;hier\u00bb. Jennecken auf Twitter: &#8230;hier\u00bb und Google+ &#8230;hier\u00bb.<\/p>\n","protected":false},"author":1001002,"featured_media":0,"comment_status":"closed","ping_status":"closed","sticky":false,"template":"","format":"standard","meta":{"footnotes":""},"categories":[4],"tags":[138],"class_list":["post-3202","post","type-post","status-publish","format-standard","hentry","category-neues-aus-jennecken","tag-facebook"],"_links":{"self":[{"href":"https:\/\/jennecken.de\/index.php?rest_route=\/wp\/v2\/posts\/3202","targetHints":{"allow":["GET"]}}],"collection":[{"href":"https:\/\/jennecken.de\/index.php?rest_route=\/wp\/v2\/posts"}],"about":[{"href":"https:\/\/jennecken.de\/index.php?rest_route=\/wp\/v2\/types\/post"}],"author":[{"embeddable":true,"href":"https:\/\/jennecken.de\/index.php?rest_route=\/wp\/v2\/users\/1001002"}],"replies":[{"embeddable":true,"href":"https:\/\/jennecken.de\/index.php?rest_route=%2Fwp%2Fv2%2Fcomments&post=3202"}],"version-history":[{"count":8,"href":"https:\/\/jennecken.de\/index.php?rest_route=\/wp\/v2\/posts\/3202\/revisions"}],"predecessor-version":[{"id":4787,"href":"https:\/\/jennecken.de\/index.php?rest_route=\/wp\/v2\/posts\/3202\/revisions\/4787"}],"wp:attachment":[{"href":"https:\/\/jennecken.de\/index.php?rest_route=%2Fwp%2Fv2%2Fmedia&parent=3202"}],"wp:term":[{"taxonomy":"category","embeddable":true,"href":"https:\/\/jennecken.de\/index.php?rest_route=%2Fwp%2Fv2%2Fcategories&post=3202"},{"taxonomy":"post_tag","embeddable":true,"href":"https:\/\/jennecken.de\/index.php?rest_route=%2Fwp%2Fv2%2Ftags&post=3202"}],"curies":[{"name":"wp","href":"https:\/\/api.w.org\/{rel}","templated":true}]}}