{"id":3290,"date":"2017-01-29T18:45:47","date_gmt":"2017-01-29T17:45:47","guid":{"rendered":"http:\/\/jennecken.de\/?p=3290"},"modified":"2017-01-29T18:45:47","modified_gmt":"2017-01-29T17:45:47","slug":"vorlaeufige-termine-2017","status":"publish","type":"post","link":"https:\/\/jennecken.de\/?p=3290","title":{"rendered":"Vorl\u00e4ufige Termine 2017"},"content":{"rendered":"<p>Hier eine \u00dcbersicht \u00fcber die bisher geplanten Termine und Aktivit\u00e4ten f\u00fcr 2017. Eventuelle \u00c4nderungen und Verschiebungen, sowie die genauen Anfangszeiten werden rechtzeitig bekannt gegeben.<\/p>\n<p><img loading=\"lazy\" decoding=\"async\" class=\"aligncenter wp-image-3296\" src=\"https:\/\/jennecken.de\/wp-content\/uploads\/2017\/01\/Termine.jpg\" width=\"400\" height=\"179\" srcset=\"https:\/\/jennecken.de\/wp-content\/uploads\/2017\/01\/Termine.jpg 1400w, https:\/\/jennecken.de\/wp-content\/uploads\/2017\/01\/Termine-300x134.jpg 300w, https:\/\/jennecken.de\/wp-content\/uploads\/2017\/01\/Termine-768x344.jpg 768w, https:\/\/jennecken.de\/wp-content\/uploads\/2017\/01\/Termine-1024x459.jpg 1024w\" sizes=\"auto, (max-width: 400px) 100vw, 400px\" \/><\/p>\n<p>Alle Termine findet ihr wie gewohnt in unserem <a href=\"https:\/\/jennecken.de\/?page_id=328\">Kalender<\/a>, oder rechtzeitig als Infozettel in eurem Briefkasten.<!--more--><\/p>\n<table>\n<tbody>\n<tr>\n<td width=\"180\">04. Februar<\/td>\n<td>Jahreshauptversammlung<\/td>\n<\/tr>\n<tr>\n<td width=\"180\">M\u00e4rz\/April<\/td>\n<td>Aktion Saubere Landschaft &#8211; Jennecker Fr\u00fchjahrsputz<\/td>\n<\/tr>\n<tr>\n<td width=\"180\">01. Mai<\/td>\n<td>Maiblasen<\/td>\n<\/tr>\n<tr>\n<td width=\"180\">04.-09. September<\/td>\n<td>Erntewagenbau<\/td>\n<\/tr>\n<tr>\n<td width=\"180\">10. September<\/td>\n<td>Ernteumzug<\/td>\n<\/tr>\n<tr>\n<td width=\"180\">21. Oktober<\/td>\n<td>Oktoberfest<\/td>\n<\/tr>\n<tr>\n<td width=\"180\">10. November<\/td>\n<td>Martinsfeuer<\/td>\n<\/tr>\n<tr>\n<td width=\"180\">02. Dezember<\/td>\n<td>Aufstellen des Weihnachtsbaums<\/td>\n<\/tr>\n<\/tbody>\n<\/table>\n<p>&nbsp;<\/p>\n","protected":false},"excerpt":{"rendered":"<p>Hier eine \u00dcbersicht \u00fcber die bisher geplanten Termine und Aktivit\u00e4ten f\u00fcr 2017. Eventuelle \u00c4nderungen und Verschiebungen, sowie die genauen Anfangszeiten werden rechtzeitig bekannt gegeben. Alle Termine findet ihr wie gewohnt in unserem Kalender, oder rechtzeitig als Infozettel in eurem Briefkasten.<\/p>\n","protected":false},"author":1001002,"featured_media":0,"comment_status":"closed","ping_status":"closed","sticky":false,"template":"","format":"standard","meta":{"footnotes":""},"categories":[8],"tags":[76],"class_list":["post-3290","post","type-post","status-publish","format-standard","hentry","category-termine-und-einladungen","tag-termine"],"_links":{"self":[{"href":"https:\/\/jennecken.de\/index.php?rest_route=\/wp\/v2\/posts\/3290","targetHints":{"allow":["GET"]}}],"collection":[{"href":"https:\/\/jennecken.de\/index.php?rest_route=\/wp\/v2\/posts"}],"about":[{"href":"https:\/\/jennecken.de\/index.php?rest_route=\/wp\/v2\/types\/post"}],"author":[{"embeddable":true,"href":"https:\/\/jennecken.de\/index.php?rest_route=\/wp\/v2\/users\/1001002"}],"replies":[{"embeddable":true,"href":"https:\/\/jennecken.de\/index.php?rest_route=%2Fwp%2Fv2%2Fcomments&post=3290"}],"version-history":[{"count":10,"href":"https:\/\/jennecken.de\/index.php?rest_route=\/wp\/v2\/posts\/3290\/revisions"}],"predecessor-version":[{"id":3302,"href":"https:\/\/jennecken.de\/index.php?rest_route=\/wp\/v2\/posts\/3290\/revisions\/3302"}],"wp:attachment":[{"href":"https:\/\/jennecken.de\/index.php?rest_route=%2Fwp%2Fv2%2Fmedia&parent=3290"}],"wp:term":[{"taxonomy":"category","embeddable":true,"href":"https:\/\/jennecken.de\/index.php?rest_route=%2Fwp%2Fv2%2Fcategories&post=3290"},{"taxonomy":"post_tag","embeddable":true,"href":"https:\/\/jennecken.de\/index.php?rest_route=%2Fwp%2Fv2%2Ftags&post=3290"}],"curies":[{"name":"wp","href":"https:\/\/api.w.org\/{rel}","templated":true}]}}