{"id":3346,"date":"2017-02-07T08:15:30","date_gmt":"2017-02-07T07:15:30","guid":{"rendered":"http:\/\/jennecken.de\/?p=3346"},"modified":"2017-02-07T08:15:30","modified_gmt":"2017-02-07T07:15:30","slug":"keine-windraeder-in-oberstaffelbach","status":"publish","type":"post","link":"https:\/\/jennecken.de\/?p=3346","title":{"rendered":"Keine Windr\u00e4der in Oberstaffelbach"},"content":{"rendered":"<div>\n<p>N\u00fcmbrecht &#8211; K\u00fcnftig gibt es in der Gemeinde N\u00fcmbrecht keine einzige sogenannte Konzentrationsfl\u00e4che mehr, auf der Windkraftanlagen gebaut werden k\u00f6nnten. Mit mehrheitlichem Votum haben sich die Mitglieder des Planungs- und Umweltausschusses am Mittwochabend daf\u00fcr ausgesprochen, den zurzeit einzig m\u00f6glichen Standort f\u00fcr Windr\u00e4der in der Ortslage Oberstaffelbach zu streichen.<\/p>\n<figure id=\"attachment_3345\" aria-describedby=\"caption-attachment-3345\" style=\"width: 400px\" class=\"wp-caption aligncenter\"><img loading=\"lazy\" decoding=\"async\" class=\"wp-image-3345\" src=\"https:\/\/jennecken.de\/wp-content\/uploads\/2017\/02\/windkraft.jpg\" width=\"400\" height=\"200\" srcset=\"https:\/\/jennecken.de\/wp-content\/uploads\/2017\/02\/windkraft.jpg 533w, https:\/\/jennecken.de\/wp-content\/uploads\/2017\/02\/windkraft-300x150.jpg 300w\" sizes=\"auto, (max-width: 400px) 100vw, 400px\" \/><figcaption id=\"caption-attachment-3345\" class=\"wp-caption-text\">Quelle: rundschau-online.de<\/figcaption><\/figure>\n<\/div>\n<div>Den vollst\u00e4ndigen Bericht findet Ihr unter nachfolgendem Link:<\/div>\n<div>Quelle: <a href=\"http:\/\/www.rundschau-online.de\/region\/oberberg\/nuembrecht\/windkraft-nuembrechter-ausschuss-hebt-die-einzige-potenzialflaeche-auf-25667298\" target=\"_blank\">http:\/\/www.rundschau-online.de\/25667298 \u00a92017<\/a><\/div>\n","protected":false},"excerpt":{"rendered":"<p>N\u00fcmbrecht &#8211; K\u00fcnftig gibt es in der Gemeinde N\u00fcmbrecht keine einzige sogenannte Konzentrationsfl\u00e4che mehr, auf der Windkraftanlagen gebaut werden k\u00f6nnten. Mit mehrheitlichem Votum haben sich die Mitglieder des Planungs- und Umweltausschusses am Mittwochabend daf\u00fcr ausgesprochen, den zurzeit einzig m\u00f6glichen Standort f\u00fcr Windr\u00e4der in der Ortslage Oberstaffelbach zu streichen. Den vollst\u00e4ndigen Bericht findet Ihr unter nachfolgendem &hellip; <\/p>\n<p class=\"link-more\"><a href=\"https:\/\/jennecken.de\/?p=3346\" class=\"more-link\"><span class=\"screen-reader-text\">\u201eKeine Windr\u00e4der in Oberstaffelbach\u201c<\/span> weiterlesen<\/a><\/p>\n","protected":false},"author":1001002,"featured_media":0,"comment_status":"closed","ping_status":"closed","sticky":false,"template":"","format":"standard","meta":{"footnotes":""},"categories":[1],"tags":[],"class_list":["post-3346","post","type-post","status-publish","format-standard","hentry","category-allgemein"],"_links":{"self":[{"href":"https:\/\/jennecken.de\/index.php?rest_route=\/wp\/v2\/posts\/3346","targetHints":{"allow":["GET"]}}],"collection":[{"href":"https:\/\/jennecken.de\/index.php?rest_route=\/wp\/v2\/posts"}],"about":[{"href":"https:\/\/jennecken.de\/index.php?rest_route=\/wp\/v2\/types\/post"}],"author":[{"embeddable":true,"href":"https:\/\/jennecken.de\/index.php?rest_route=\/wp\/v2\/users\/1001002"}],"replies":[{"embeddable":true,"href":"https:\/\/jennecken.de\/index.php?rest_route=%2Fwp%2Fv2%2Fcomments&post=3346"}],"version-history":[{"count":2,"href":"https:\/\/jennecken.de\/index.php?rest_route=\/wp\/v2\/posts\/3346\/revisions"}],"predecessor-version":[{"id":3348,"href":"https:\/\/jennecken.de\/index.php?rest_route=\/wp\/v2\/posts\/3346\/revisions\/3348"}],"wp:attachment":[{"href":"https:\/\/jennecken.de\/index.php?rest_route=%2Fwp%2Fv2%2Fmedia&parent=3346"}],"wp:term":[{"taxonomy":"category","embeddable":true,"href":"https:\/\/jennecken.de\/index.php?rest_route=%2Fwp%2Fv2%2Fcategories&post=3346"},{"taxonomy":"post_tag","embeddable":true,"href":"https:\/\/jennecken.de\/index.php?rest_route=%2Fwp%2Fv2%2Ftags&post=3346"}],"curies":[{"name":"wp","href":"https:\/\/api.w.org\/{rel}","templated":true}]}}