{"id":3349,"date":"2017-02-10T07:46:04","date_gmt":"2017-02-10T06:46:04","guid":{"rendered":"http:\/\/jennecken.de\/?p=3349"},"modified":"2017-02-10T07:46:04","modified_gmt":"2017-02-10T06:46:04","slug":"vorstand-wiedergewaehlt","status":"publish","type":"post","link":"https:\/\/jennecken.de\/?p=3349","title":{"rendered":"Vorstand wiedergew\u00e4hlt"},"content":{"rendered":"<p>Am Dienstag, dem 7. Februar, fand unsere Jahreshauptversammlung unter beachtlicher Beteiligung statt. In diesem Jahr standen wieder Vorstandswahlen auf der Tagesordnung. Der bisherige Vorstand wurde einstimmig wiedergew\u00e4hlt.<\/p>\n<figure id=\"attachment_1956\" aria-describedby=\"caption-attachment-1956\" style=\"width: 400px\" class=\"wp-caption aligncenter\"><img loading=\"lazy\" decoding=\"async\" class=\"wp-image-1956\" src=\"https:\/\/jennecken.de\/wp-content\/uploads\/2015\/02\/Vorstand2015.jpg\" width=\"400\" height=\"278\" srcset=\"https:\/\/jennecken.de\/wp-content\/uploads\/2015\/02\/Vorstand2015.jpg 640w, https:\/\/jennecken.de\/wp-content\/uploads\/2015\/02\/Vorstand2015-300x209.jpg 300w, https:\/\/jennecken.de\/wp-content\/uploads\/2015\/02\/Vorstand2015-600x417.jpg 600w\" sizes=\"auto, (max-width: 400px) 100vw, 400px\" \/><figcaption id=\"caption-attachment-1956\" class=\"wp-caption-text\">Der alte und neue Vorstand (v.l.): Sven B\u00fcser (Beisitzer), Rolf Hamann (Beisitzer), Nicole Dohmg\u00f6rgen (Schriftf\u00fchrerin), Ingo Kr\u00e4mer (Kassierer), Regina Str\u00e4\u00dfer (2. Vorsitzende), Reinhard Kinze (1. Vorsitzender)<\/figcaption><\/figure>\n<p>Nach der Begr\u00fc\u00dfung des 1. Vorsitzenden erfolgten der Jahresr\u00fcckblick und der Kassenbericht f\u00fcr das vergangene Gesch\u00e4ftsjahr. Der unerwartet gute Jahresabschluss war unter anderem auf eine hohe private Spende zur\u00fcckzuf\u00fchren, wof\u00fcr sich sowohl der Vorstand als auch die Versammlung herzlich bedankten!<!--more--><\/p>\n<p>Im Anschluss an die Haushaltsplanung f\u00fcr 2017 erfolgten die Vorstandswahlen und die Wahl eines neuen Kassenpr\u00fcfers.<\/p>\n<p>Unter dem Punkt Verschiedenes wurde u. a. angesprochen, dass es in diesem Jahr eine gemeinsame Wanderung und eine Vorbesprechung zu einem m\u00f6glichen Dorffest durchgef\u00fchrt wird. Zudem wurde festgelegt, dass es zum Martinsfeuer wieder einen Laternenumzug der Kinder geben soll. Der Vorstand wird das in die diesj\u00e4hrige Planung einbeziehen.<\/p>\n<p>Als gr\u00f6\u00dfere Anschaffung ist in diesem Jahr ein neuer Rasenm\u00e4her vorgesehen.<\/p>\n","protected":false},"excerpt":{"rendered":"<p>Am Dienstag, dem 7. Februar, fand unsere Jahreshauptversammlung unter beachtlicher Beteiligung statt. In diesem Jahr standen wieder Vorstandswahlen auf der Tagesordnung. Der bisherige Vorstand wurde einstimmig wiedergew\u00e4hlt. Nach der Begr\u00fc\u00dfung des 1. Vorsitzenden erfolgten der Jahresr\u00fcckblick und der Kassenbericht f\u00fcr das vergangene Gesch\u00e4ftsjahr. Der unerwartet gute Jahresabschluss war unter anderem auf eine hohe private Spende &hellip; <\/p>\n<p class=\"link-more\"><a href=\"https:\/\/jennecken.de\/?p=3349\" class=\"more-link\"><span class=\"screen-reader-text\">\u201eVorstand wiedergew\u00e4hlt\u201c<\/span> weiterlesen<\/a><\/p>\n","protected":false},"author":1001002,"featured_media":0,"comment_status":"closed","ping_status":"closed","sticky":false,"template":"","format":"standard","meta":{"footnotes":""},"categories":[4],"tags":[65],"class_list":["post-3349","post","type-post","status-publish","format-standard","hentry","category-neues-aus-jennecken","tag-jahreshauptversammlung"],"_links":{"self":[{"href":"https:\/\/jennecken.de\/index.php?rest_route=\/wp\/v2\/posts\/3349","targetHints":{"allow":["GET"]}}],"collection":[{"href":"https:\/\/jennecken.de\/index.php?rest_route=\/wp\/v2\/posts"}],"about":[{"href":"https:\/\/jennecken.de\/index.php?rest_route=\/wp\/v2\/types\/post"}],"author":[{"embeddable":true,"href":"https:\/\/jennecken.de\/index.php?rest_route=\/wp\/v2\/users\/1001002"}],"replies":[{"embeddable":true,"href":"https:\/\/jennecken.de\/index.php?rest_route=%2Fwp%2Fv2%2Fcomments&post=3349"}],"version-history":[{"count":2,"href":"https:\/\/jennecken.de\/index.php?rest_route=\/wp\/v2\/posts\/3349\/revisions"}],"predecessor-version":[{"id":3351,"href":"https:\/\/jennecken.de\/index.php?rest_route=\/wp\/v2\/posts\/3349\/revisions\/3351"}],"wp:attachment":[{"href":"https:\/\/jennecken.de\/index.php?rest_route=%2Fwp%2Fv2%2Fmedia&parent=3349"}],"wp:term":[{"taxonomy":"category","embeddable":true,"href":"https:\/\/jennecken.de\/index.php?rest_route=%2Fwp%2Fv2%2Fcategories&post=3349"},{"taxonomy":"post_tag","embeddable":true,"href":"https:\/\/jennecken.de\/index.php?rest_route=%2Fwp%2Fv2%2Ftags&post=3349"}],"curies":[{"name":"wp","href":"https:\/\/api.w.org\/{rel}","templated":true}]}}