{"id":3361,"date":"2017-02-09T22:38:13","date_gmt":"2017-02-09T21:38:13","guid":{"rendered":"http:\/\/jennecken.de\/?p=3361"},"modified":"2017-02-09T22:40:04","modified_gmt":"2017-02-09T21:40:04","slug":"dlrg-wiehl-trainiert-in-neuer-wasserwelt","status":"publish","type":"post","link":"https:\/\/jennecken.de\/?p=3361","title":{"rendered":"DLRG Wiehl trainiert in neuer Wasserwelt"},"content":{"rendered":"<p>\u201eVom Nichtschwimmer zum Schwimmer &#8211; Vom Schwimmer zum Rettungsschwimmer\u201c lautet das Motto der Deutschen Lebens-Rettungs-Gesellschaft (DLRG), die seit Oktober 2002 auch wieder in Wiehl vertreten ist. Nachdem die Stadtv\u00e4ter der Stadt Gummersbach die Schlie\u00dfung des alten Aggerbades beschlossen, fand die damalige Ortsgruppe DLRG Dieringhausen e.V. im Hallenbad Bielstein ein neues Zuhause. Knapp 14 Jahre fand das Training und die Ausbildung der neuen DLRG Ortsgruppe Wiehl e.V. im Schulzentrum Bielstein statt.<\/p>\n<p><img loading=\"lazy\" decoding=\"async\" class=\"aligncenter size-full wp-image-3360\" src=\"https:\/\/jennecken.de\/wp-content\/uploads\/2017\/02\/DLRG_Logo.jpg\" alt=\"\" width=\"315\" height=\"269\" srcset=\"https:\/\/jennecken.de\/wp-content\/uploads\/2017\/02\/DLRG_Logo.jpg 315w, https:\/\/jennecken.de\/wp-content\/uploads\/2017\/02\/DLRG_Logo-300x256.jpg 300w\" sizes=\"auto, (max-width: 315px) 100vw, 315px\" \/><\/p>\n<p>\u201eEnde 2016 machte uns die Stadt Wiehl das beste Weihnachtsgeschenk, das wir uns nur vorstellen k\u00f6nnen. W\u00e4hrend vielerorts Hallenb\u00e4der geschlossen werden, weil das Geld f\u00fcr die Sanierung fehlt, ist der Wiehler Stadtrat seiner Verantwortung f\u00fcr eine gute Daseinsvorsorge nachgekommen und hat 11,5 Mio. Euro in ein neues Hallenbad investiert\u201c so Torsten Richling, Leiter der Ortsgruppe. Die Wiehler Wasserwelt wurde am 17.12.2016 feierlich er\u00f6ffnet und seit Dienstag, 7. Februar 2017 trainiert die Ortsgruppe Wiehl nun im neuen Schwimmbad.<!--more--><\/p>\n<p>Das Hallenbad steht dienstags zwischen 16:15 Uhr und 20:00 Uhr zur Verf\u00fcgung. An diesem Tag werden, wie gewohnt, die Kinder- und Jugendgruppen im Bereich Wassergew\u00f6hnung, Anf\u00e4ngerschwimmen, Seepferdchen, Jugendschwimmabzeichen und Juniorretter trainiert. Au\u00dferdem werden Kurse f\u00fcr Rettungsschwimmabzeichen, Schnorcheltauchen und den Nachweis der Rettungsf\u00e4higkeit f\u00fcr Lehrkr\u00e4fte durchgef\u00fchrt.<\/p>\n<p>Zus\u00e4tzlich steht f\u00fcr die Erwachsenen und die \u201eRettungsschwimm-Rentner\u201c eine weitere Trainingszeit freitags zwischen 19:30 Uhr und 20:30 Uhr zur Verf\u00fcgung. Hier sind auch gerne die Eltern der Schwimmkinder willkommen.<\/p>\n<p>Genauere Angaben zu Trainingszeiten und Kursangeboten erhalten Sie auf Anfrage oder bei den Trainern.<\/p>\n<p>Besuchen Sie uns im Internet. Sie finden uns unter <a href=\"http:\/\/www.wiehl.dlrg.de\" target=\"_blank\">www.wiehl.dlrg.de<\/a> oder <a href=\"https:\/\/www.facebook.com\/DLRG.wiehl\" target=\"_blank\">https:\/\/www.facebook.com\/DLRG.wiehl<\/a><\/p>\n<p>F\u00fcr R\u00fcckfragen stehen wir Ihnen gerne zur Verf\u00fcgung:<br \/>\nMatthias Vehlow, 02204-5064552 oder 02204-4096402<\/p>\n<p>&nbsp;<\/p>\n<p><img loading=\"lazy\" decoding=\"async\" class=\"aligncenter size-full wp-image-3359\" src=\"https:\/\/jennecken.de\/wp-content\/uploads\/2017\/02\/DLRG_01_2017.jpg\" alt=\"\" width=\"930\" height=\"1348\" srcset=\"https:\/\/jennecken.de\/wp-content\/uploads\/2017\/02\/DLRG_01_2017.jpg 930w, https:\/\/jennecken.de\/wp-content\/uploads\/2017\/02\/DLRG_01_2017-207x300.jpg 207w, https:\/\/jennecken.de\/wp-content\/uploads\/2017\/02\/DLRG_01_2017-768x1113.jpg 768w, https:\/\/jennecken.de\/wp-content\/uploads\/2017\/02\/DLRG_01_2017-706x1024.jpg 706w\" sizes=\"auto, (max-width: 767px) 89vw, (max-width: 1000px) 54vw, (max-width: 1071px) 543px, 580px\" \/><\/p>\n","protected":false},"excerpt":{"rendered":"<p>\u201eVom Nichtschwimmer zum Schwimmer &#8211; Vom Schwimmer zum Rettungsschwimmer\u201c lautet das Motto der Deutschen Lebens-Rettungs-Gesellschaft (DLRG), die seit Oktober 2002 auch wieder in Wiehl vertreten ist. Nachdem die Stadtv\u00e4ter der Stadt Gummersbach die Schlie\u00dfung des alten Aggerbades beschlossen, fand die damalige Ortsgruppe DLRG Dieringhausen e.V. im Hallenbad Bielstein ein neues Zuhause. Knapp 14 Jahre fand &hellip; <\/p>\n<p class=\"link-more\"><a href=\"https:\/\/jennecken.de\/?p=3361\" class=\"more-link\"><span class=\"screen-reader-text\">\u201eDLRG Wiehl trainiert in neuer Wasserwelt\u201c<\/span> weiterlesen<\/a><\/p>\n","protected":false},"author":1001002,"featured_media":0,"comment_status":"closed","ping_status":"closed","sticky":false,"template":"","format":"standard","meta":{"footnotes":""},"categories":[1],"tags":[145,146],"class_list":["post-3361","post","type-post","status-publish","format-standard","hentry","category-allgemein","tag-dlrg","tag-wiehler-wasserwelt"],"_links":{"self":[{"href":"https:\/\/jennecken.de\/index.php?rest_route=\/wp\/v2\/posts\/3361","targetHints":{"allow":["GET"]}}],"collection":[{"href":"https:\/\/jennecken.de\/index.php?rest_route=\/wp\/v2\/posts"}],"about":[{"href":"https:\/\/jennecken.de\/index.php?rest_route=\/wp\/v2\/types\/post"}],"author":[{"embeddable":true,"href":"https:\/\/jennecken.de\/index.php?rest_route=\/wp\/v2\/users\/1001002"}],"replies":[{"embeddable":true,"href":"https:\/\/jennecken.de\/index.php?rest_route=%2Fwp%2Fv2%2Fcomments&post=3361"}],"version-history":[{"count":4,"href":"https:\/\/jennecken.de\/index.php?rest_route=\/wp\/v2\/posts\/3361\/revisions"}],"predecessor-version":[{"id":3365,"href":"https:\/\/jennecken.de\/index.php?rest_route=\/wp\/v2\/posts\/3361\/revisions\/3365"}],"wp:attachment":[{"href":"https:\/\/jennecken.de\/index.php?rest_route=%2Fwp%2Fv2%2Fmedia&parent=3361"}],"wp:term":[{"taxonomy":"category","embeddable":true,"href":"https:\/\/jennecken.de\/index.php?rest_route=%2Fwp%2Fv2%2Fcategories&post=3361"},{"taxonomy":"post_tag","embeddable":true,"href":"https:\/\/jennecken.de\/index.php?rest_route=%2Fwp%2Fv2%2Ftags&post=3361"}],"curies":[{"name":"wp","href":"https:\/\/api.w.org\/{rel}","templated":true}]}}