{"id":3369,"date":"2017-03-03T08:45:09","date_gmt":"2017-03-03T07:45:09","guid":{"rendered":"http:\/\/jennecken.de\/?p=3369"},"modified":"2017-03-03T10:36:32","modified_gmt":"2017-03-03T09:36:32","slug":"konzert","status":"publish","type":"post","link":"https:\/\/jennecken.de\/?p=3369","title":{"rendered":"Konzert"},"content":{"rendered":"<p>Das Akkordeon-Orchester Drabenderh\u00f6he-Bergisch Land l\u00e4dt Sie herzlich zu unserem diesj\u00e4hrigen Fr\u00fchjahrskonzert in der Aggertalklinik in Engelskirchen ein.<\/p>\n<p>Am Sonntag, den 19.03.2017 geben wir ein Konzert im Veranstaltungssaal der Aggertalklinik Engelskirchen.<\/p>\n<p><img loading=\"lazy\" decoding=\"async\" class=\"aligncenter wp-image-3372\" src=\"https:\/\/jennecken.de\/wp-content\/uploads\/2017\/03\/Akkordeon_2017_01.jpg\" width=\"400\" height=\"141\" srcset=\"https:\/\/jennecken.de\/wp-content\/uploads\/2017\/03\/Akkordeon_2017_01.jpg 600w, https:\/\/jennecken.de\/wp-content\/uploads\/2017\/03\/Akkordeon_2017_01-300x106.jpg 300w\" sizes=\"auto, (max-width: 400px) 100vw, 400px\" \/><\/p>\n<p>Wir m\u00f6chten Ihnen mit einem unterhaltsamen Programm den Sonntagnachmittag<br \/>\nvertreiben und die Bandbreite der Akkordeonmusik pr\u00e4sentieren.<!--more--><\/p>\n<p>Auch das Nachwuchsorchester wird sein K\u00f6nnen vorstellen. Die Jugendlichen werden uns musikalisch mit modernen St\u00fccken, wie zum Beispiel \u201eHappy\u201c, bekannt aus den Charts, unterhalten.<\/p>\n<p>Das Hauptorchester wird das Programm mit St\u00fccken aus der klassischen Musik, wie \u201eClassic Strau\u00df goes Vienna Waltz\u201c und auch bekannte Lieder wie \u201eWalking on Sunshine\u201c fortf\u00fchren.<\/p>\n<p>Der Eintritt zu dieser Veranstaltung ist frei, Einlass ist ab 14.30 Uhr.<\/p>\n<p>Wir freuen uns schon heute auf Ihren Besuch und w\u00fcnschen Ihnen einen sch\u00f6nen<br \/>\nmusikalischen Nachmittag.<\/p>\n<p>Ihr Akkordeon-Orchester<br \/>\nDrabenderh\u00f6he-Bergisch Land<\/p>\n","protected":false},"excerpt":{"rendered":"<p>Das Akkordeon-Orchester Drabenderh\u00f6he-Bergisch Land l\u00e4dt Sie herzlich zu unserem diesj\u00e4hrigen Fr\u00fchjahrskonzert in der Aggertalklinik in Engelskirchen ein. Am Sonntag, den 19.03.2017 geben wir ein Konzert im Veranstaltungssaal der Aggertalklinik Engelskirchen. Wir m\u00f6chten Ihnen mit einem unterhaltsamen Programm den Sonntagnachmittag vertreiben und die Bandbreite der Akkordeonmusik pr\u00e4sentieren.<\/p>\n","protected":false},"author":1001002,"featured_media":0,"comment_status":"closed","ping_status":"closed","sticky":false,"template":"","format":"standard","meta":{"footnotes":""},"categories":[1],"tags":[132],"class_list":["post-3369","post","type-post","status-publish","format-standard","hentry","category-allgemein","tag-konzert"],"_links":{"self":[{"href":"https:\/\/jennecken.de\/index.php?rest_route=\/wp\/v2\/posts\/3369","targetHints":{"allow":["GET"]}}],"collection":[{"href":"https:\/\/jennecken.de\/index.php?rest_route=\/wp\/v2\/posts"}],"about":[{"href":"https:\/\/jennecken.de\/index.php?rest_route=\/wp\/v2\/types\/post"}],"author":[{"embeddable":true,"href":"https:\/\/jennecken.de\/index.php?rest_route=\/wp\/v2\/users\/1001002"}],"replies":[{"embeddable":true,"href":"https:\/\/jennecken.de\/index.php?rest_route=%2Fwp%2Fv2%2Fcomments&post=3369"}],"version-history":[{"count":5,"href":"https:\/\/jennecken.de\/index.php?rest_route=\/wp\/v2\/posts\/3369\/revisions"}],"predecessor-version":[{"id":3376,"href":"https:\/\/jennecken.de\/index.php?rest_route=\/wp\/v2\/posts\/3369\/revisions\/3376"}],"wp:attachment":[{"href":"https:\/\/jennecken.de\/index.php?rest_route=%2Fwp%2Fv2%2Fmedia&parent=3369"}],"wp:term":[{"taxonomy":"category","embeddable":true,"href":"https:\/\/jennecken.de\/index.php?rest_route=%2Fwp%2Fv2%2Fcategories&post=3369"},{"taxonomy":"post_tag","embeddable":true,"href":"https:\/\/jennecken.de\/index.php?rest_route=%2Fwp%2Fv2%2Ftags&post=3369"}],"curies":[{"name":"wp","href":"https:\/\/api.w.org\/{rel}","templated":true}]}}