{"id":3378,"date":"2017-03-09T14:56:41","date_gmt":"2017-03-09T13:56:41","guid":{"rendered":"http:\/\/jennecken.de\/?p=3378"},"modified":"2017-03-10T08:05:49","modified_gmt":"2017-03-10T07:05:49","slug":"schnuppertraining-fuer-maedchen-in-bielstein","status":"publish","type":"post","link":"https:\/\/jennecken.de\/?p=3378","title":{"rendered":"Schnuppertraining f\u00fcr M\u00e4dchen in Bielstein"},"content":{"rendered":"<p>Am 25. M\u00e4rz um 13:00 Uhr l\u00e4dt der BSV Bielstein zusammen mit dem BV 09 Drabenderh\u00f6he interessierte M\u00e4dchen aller Altersklassen zu einem Schnuppertraining in die Dr. Kind Arena ein.<\/p>\n<figure id=\"attachment_3395\" aria-describedby=\"caption-attachment-3395\" style=\"width: 400px\" class=\"wp-caption aligncenter\"><img loading=\"lazy\" decoding=\"async\" class=\"wp-image-3395\" src=\"https:\/\/jennecken.de\/wp-content\/uploads\/2017\/03\/U17.jpg\" width=\"400\" height=\"172\" srcset=\"https:\/\/jennecken.de\/wp-content\/uploads\/2017\/03\/U17.jpg 1200w, https:\/\/jennecken.de\/wp-content\/uploads\/2017\/03\/U17-300x129.jpg 300w, https:\/\/jennecken.de\/wp-content\/uploads\/2017\/03\/U17-768x330.jpg 768w, https:\/\/jennecken.de\/wp-content\/uploads\/2017\/03\/U17-1024x439.jpg 1024w\" sizes=\"auto, (max-width: 400px) 100vw, 400px\" \/><figcaption id=\"caption-attachment-3395\" class=\"wp-caption-text\">U17-M\u00e4dchen<\/figcaption><\/figure>\n<p>Interesse am Fu\u00dfball und Sportkleidung sind die einzigen Voraussetzungen f\u00fcr die Teilnahme. Fu\u00dfballerfahrung ist nicht notwendig.<!--more--><\/p>\n<p>Die Veranstaltung findet w\u00e4hrend eines Juniorenspieltags statt. Geschnuppert werden kann also auch an der Atmosph\u00e4re in der Dr. Kind Arena. Au\u00dferdem lockt das Angebot des Bielsteiner Vereinshauses mit warmen und kalten Getr\u00e4nken sowie kleinen Snacks. Das Schnuppertraining endet gegen 15:00 Uhr.<\/p>\n<figure id=\"attachment_3390\" aria-describedby=\"caption-attachment-3390\" style=\"width: 400px\" class=\"wp-caption aligncenter\"><img loading=\"lazy\" decoding=\"async\" class=\"wp-image-3390\" src=\"https:\/\/jennecken.de\/wp-content\/uploads\/2017\/03\/U15.jpg\" width=\"400\" height=\"200\" srcset=\"https:\/\/jennecken.de\/wp-content\/uploads\/2017\/03\/U15.jpg 1200w, https:\/\/jennecken.de\/wp-content\/uploads\/2017\/03\/U15-300x150.jpg 300w, https:\/\/jennecken.de\/wp-content\/uploads\/2017\/03\/U15-768x384.jpg 768w, https:\/\/jennecken.de\/wp-content\/uploads\/2017\/03\/U15-1024x512.jpg 1024w\" sizes=\"auto, (max-width: 400px) 100vw, 400px\" \/><figcaption id=\"caption-attachment-3390\" class=\"wp-caption-text\">U15-M\u00e4dchen<\/figcaption><\/figure>\n<p><strong>Ansprechpartner:<\/strong><br \/>\nDaniel Pr\u00fcckl, 0176 \u00a043843782,<br \/>\n<a href=\"mailto:danielprueckl@bsv-bielstein.de\">danielprueckl(at)bsv-bielstein.de<\/a> (BSV Bielstein)<\/p>\n<p>Nadine Zils, Mobil: 0173\u00a0 8197663,<br \/>\n<a href=\"mailto:nadine.zils@web.de\">nadine.zils(at)web.de<\/a>\u00a0(BV 09 D&#8217;h\u00f6he)<\/p>\n<p><strong>Adresse:<\/strong><br \/>\nJahnstra\u00dfe 15, 51674 Wiehl<\/p>\n","protected":false},"excerpt":{"rendered":"<p>Am 25. M\u00e4rz um 13:00 Uhr l\u00e4dt der BSV Bielstein zusammen mit dem BV 09 Drabenderh\u00f6he interessierte M\u00e4dchen aller Altersklassen zu einem Schnuppertraining in die Dr. Kind Arena ein. Interesse am Fu\u00dfball und Sportkleidung sind die einzigen Voraussetzungen f\u00fcr die Teilnahme. Fu\u00dfballerfahrung ist nicht notwendig.<\/p>\n","protected":false},"author":1001002,"featured_media":0,"comment_status":"closed","ping_status":"closed","sticky":false,"template":"","format":"standard","meta":{"footnotes":""},"categories":[1],"tags":[148,63],"class_list":["post-3378","post","type-post","status-publish","format-standard","hentry","category-allgemein","tag-bsv-bielstein","tag-fussball"],"_links":{"self":[{"href":"https:\/\/jennecken.de\/index.php?rest_route=\/wp\/v2\/posts\/3378","targetHints":{"allow":["GET"]}}],"collection":[{"href":"https:\/\/jennecken.de\/index.php?rest_route=\/wp\/v2\/posts"}],"about":[{"href":"https:\/\/jennecken.de\/index.php?rest_route=\/wp\/v2\/types\/post"}],"author":[{"embeddable":true,"href":"https:\/\/jennecken.de\/index.php?rest_route=\/wp\/v2\/users\/1001002"}],"replies":[{"embeddable":true,"href":"https:\/\/jennecken.de\/index.php?rest_route=%2Fwp%2Fv2%2Fcomments&post=3378"}],"version-history":[{"count":11,"href":"https:\/\/jennecken.de\/index.php?rest_route=\/wp\/v2\/posts\/3378\/revisions"}],"predecessor-version":[{"id":3398,"href":"https:\/\/jennecken.de\/index.php?rest_route=\/wp\/v2\/posts\/3378\/revisions\/3398"}],"wp:attachment":[{"href":"https:\/\/jennecken.de\/index.php?rest_route=%2Fwp%2Fv2%2Fmedia&parent=3378"}],"wp:term":[{"taxonomy":"category","embeddable":true,"href":"https:\/\/jennecken.de\/index.php?rest_route=%2Fwp%2Fv2%2Fcategories&post=3378"},{"taxonomy":"post_tag","embeddable":true,"href":"https:\/\/jennecken.de\/index.php?rest_route=%2Fwp%2Fv2%2Ftags&post=3378"}],"curies":[{"name":"wp","href":"https:\/\/api.w.org\/{rel}","templated":true}]}}