{"id":3380,"date":"2017-03-08T22:35:44","date_gmt":"2017-03-08T21:35:44","guid":{"rendered":"http:\/\/jennecken.de\/?p=3380"},"modified":"2017-03-08T22:35:44","modified_gmt":"2017-03-08T21:35:44","slug":"neue-anschaffung","status":"publish","type":"post","link":"https:\/\/jennecken.de\/?p=3380","title":{"rendered":"Neue Anschaffung"},"content":{"rendered":"<p>Wie bereits auf der Jahreshauptversammlung angek\u00fcndigt, haben wir einen neuen Rasenm\u00e4her angeschafft. Jetzt kann das Fr\u00fchjahr kommen!<\/p>\n<p><img loading=\"lazy\" decoding=\"async\" class=\"aligncenter wp-image-3383\" src=\"https:\/\/jennecken.de\/wp-content\/uploads\/2017\/03\/Rasenm\u00e4her1.jpg\" alt=\"\" width=\"400\" height=\"483\" srcset=\"https:\/\/jennecken.de\/wp-content\/uploads\/2017\/03\/Rasenm\u00e4her1.jpg 1000w, https:\/\/jennecken.de\/wp-content\/uploads\/2017\/03\/Rasenm\u00e4her1-248x300.jpg 248w, https:\/\/jennecken.de\/wp-content\/uploads\/2017\/03\/Rasenm\u00e4her1-768x928.jpg 768w, https:\/\/jennecken.de\/wp-content\/uploads\/2017\/03\/Rasenm\u00e4her1-848x1024.jpg 848w\" sizes=\"auto, (max-width: 400px) 100vw, 400px\" \/><\/p>\n","protected":false},"excerpt":{"rendered":"<p>Wie bereits auf der Jahreshauptversammlung angek\u00fcndigt, haben wir einen neuen Rasenm\u00e4her angeschafft. Jetzt kann das Fr\u00fchjahr kommen!<\/p>\n","protected":false},"author":1001002,"featured_media":0,"comment_status":"closed","ping_status":"closed","sticky":false,"template":"","format":"standard","meta":{"footnotes":""},"categories":[4],"tags":[147],"class_list":["post-3380","post","type-post","status-publish","format-standard","hentry","category-neues-aus-jennecken","tag-anschaffung"],"_links":{"self":[{"href":"https:\/\/jennecken.de\/index.php?rest_route=\/wp\/v2\/posts\/3380","targetHints":{"allow":["GET"]}}],"collection":[{"href":"https:\/\/jennecken.de\/index.php?rest_route=\/wp\/v2\/posts"}],"about":[{"href":"https:\/\/jennecken.de\/index.php?rest_route=\/wp\/v2\/types\/post"}],"author":[{"embeddable":true,"href":"https:\/\/jennecken.de\/index.php?rest_route=\/wp\/v2\/users\/1001002"}],"replies":[{"embeddable":true,"href":"https:\/\/jennecken.de\/index.php?rest_route=%2Fwp%2Fv2%2Fcomments&post=3380"}],"version-history":[{"count":4,"href":"https:\/\/jennecken.de\/index.php?rest_route=\/wp\/v2\/posts\/3380\/revisions"}],"predecessor-version":[{"id":3385,"href":"https:\/\/jennecken.de\/index.php?rest_route=\/wp\/v2\/posts\/3380\/revisions\/3385"}],"wp:attachment":[{"href":"https:\/\/jennecken.de\/index.php?rest_route=%2Fwp%2Fv2%2Fmedia&parent=3380"}],"wp:term":[{"taxonomy":"category","embeddable":true,"href":"https:\/\/jennecken.de\/index.php?rest_route=%2Fwp%2Fv2%2Fcategories&post=3380"},{"taxonomy":"post_tag","embeddable":true,"href":"https:\/\/jennecken.de\/index.php?rest_route=%2Fwp%2Fv2%2Ftags&post=3380"}],"curies":[{"name":"wp","href":"https:\/\/api.w.org\/{rel}","templated":true}]}}