{"id":3406,"date":"2017-03-21T08:05:16","date_gmt":"2017-03-21T07:05:16","guid":{"rendered":"http:\/\/jennecken.de\/?p=3406"},"modified":"2017-03-21T08:05:16","modified_gmt":"2017-03-21T07:05:16","slug":"saubere-landschaft","status":"publish","type":"post","link":"https:\/\/jennecken.de\/?p=3406","title":{"rendered":"Saubere Landschaft"},"content":{"rendered":"<p>Am Samstag, dem 8. April, findet im Rahmen des Aktionstags Saubere Landschaft der Jennecker Fr\u00fchjahrsputz statt. Wir treffen uns um 10:00 Uhr auf unserem Kinderspielplatz.<\/p>\n<p><img loading=\"lazy\" decoding=\"async\" class=\"aligncenter wp-image-3405\" src=\"https:\/\/jennecken.de\/wp-content\/uploads\/2017\/03\/Saubere_Landschaft_2016.jpg\" alt=\"\" width=\"400\" height=\"540\" srcset=\"https:\/\/jennecken.de\/wp-content\/uploads\/2017\/03\/Saubere_Landschaft_2016.jpg 1100w, https:\/\/jennecken.de\/wp-content\/uploads\/2017\/03\/Saubere_Landschaft_2016-222x300.jpg 222w, https:\/\/jennecken.de\/wp-content\/uploads\/2017\/03\/Saubere_Landschaft_2016-768x1037.jpg 768w, https:\/\/jennecken.de\/wp-content\/uploads\/2017\/03\/Saubere_Landschaft_2016-759x1024.jpg 759w\" sizes=\"auto, (max-width: 400px) 100vw, 400px\" \/><\/p>\n<p>Jennecker, &#8230;.kommt und helft alle mit!<\/p>\n<p>Wr bringen den Spielplatz auf Vordermann und sammeln den M\u00fcll in der Umgebung.\u00a0Es w\u00e4re super, wenn sich viele j\u00fcngere und neu hinzugezogene Jennecker beteiligen w\u00fcrden!<br \/>\nF\u00fcr Verpflegung ist bestens gesorgt.\u00a0Nach getaner Arbeit warten Grillw\u00fcrstchen und k\u00fchle Getr\u00e4nke f\u00fcr alle Helfer!<\/p>\n","protected":false},"excerpt":{"rendered":"<p>Am Samstag, dem 8. April, findet im Rahmen des Aktionstags Saubere Landschaft der Jennecker Fr\u00fchjahrsputz statt. Wir treffen uns um 10:00 Uhr auf unserem Kinderspielplatz. Jennecker, &#8230;.kommt und helft alle mit! Wr bringen den Spielplatz auf Vordermann und sammeln den M\u00fcll in der Umgebung.\u00a0Es w\u00e4re super, wenn sich viele j\u00fcngere und neu hinzugezogene Jennecker beteiligen &hellip; <\/p>\n<p class=\"link-more\"><a href=\"https:\/\/jennecken.de\/?p=3406\" class=\"more-link\"><span class=\"screen-reader-text\">\u201eSaubere Landschaft\u201c<\/span> weiterlesen<\/a><\/p>\n","protected":false},"author":1001002,"featured_media":0,"comment_status":"closed","ping_status":"closed","sticky":false,"template":"","format":"standard","meta":{"footnotes":""},"categories":[4,8],"tags":[86,87],"class_list":["post-3406","post","type-post","status-publish","format-standard","hentry","category-neues-aus-jennecken","category-termine-und-einladungen","tag-fruehjahrsputz","tag-saubere-landschaft"],"_links":{"self":[{"href":"https:\/\/jennecken.de\/index.php?rest_route=\/wp\/v2\/posts\/3406","targetHints":{"allow":["GET"]}}],"collection":[{"href":"https:\/\/jennecken.de\/index.php?rest_route=\/wp\/v2\/posts"}],"about":[{"href":"https:\/\/jennecken.de\/index.php?rest_route=\/wp\/v2\/types\/post"}],"author":[{"embeddable":true,"href":"https:\/\/jennecken.de\/index.php?rest_route=\/wp\/v2\/users\/1001002"}],"replies":[{"embeddable":true,"href":"https:\/\/jennecken.de\/index.php?rest_route=%2Fwp%2Fv2%2Fcomments&post=3406"}],"version-history":[{"count":6,"href":"https:\/\/jennecken.de\/index.php?rest_route=\/wp\/v2\/posts\/3406\/revisions"}],"predecessor-version":[{"id":3416,"href":"https:\/\/jennecken.de\/index.php?rest_route=\/wp\/v2\/posts\/3406\/revisions\/3416"}],"wp:attachment":[{"href":"https:\/\/jennecken.de\/index.php?rest_route=%2Fwp%2Fv2%2Fmedia&parent=3406"}],"wp:term":[{"taxonomy":"category","embeddable":true,"href":"https:\/\/jennecken.de\/index.php?rest_route=%2Fwp%2Fv2%2Fcategories&post=3406"},{"taxonomy":"post_tag","embeddable":true,"href":"https:\/\/jennecken.de\/index.php?rest_route=%2Fwp%2Fv2%2Ftags&post=3406"}],"curies":[{"name":"wp","href":"https:\/\/api.w.org\/{rel}","templated":true}]}}