{"id":3420,"date":"2017-04-06T13:16:22","date_gmt":"2017-04-06T11:16:22","guid":{"rendered":"http:\/\/jennecken.de\/?p=3420"},"modified":"2017-04-06T13:16:22","modified_gmt":"2017-04-06T11:16:22","slug":"erntepaar-2017","status":"publish","type":"post","link":"https:\/\/jennecken.de\/?p=3420","title":{"rendered":"Erntepaar 2017"},"content":{"rendered":"<p>In der Zeit vom 8. bis 10. September 2017 findet in Drabenderh\u00f6he das traditionelle Erntedankfest statt. Melitta und J\u00fcrgen Poschner aus der Nachbarschaft L\u00f6her Hof l\u00f6sen im September das noch amtierende Erntepaar Ulrike Floegel-Lau und Dirk \u201eBongo\u201c Ruland ab.<\/p>\n<figure id=\"attachment_3419\" aria-describedby=\"caption-attachment-3419\" style=\"width: 400px\" class=\"wp-caption aligncenter\"><img loading=\"lazy\" decoding=\"async\" class=\"wp-image-3419\" src=\"https:\/\/jennecken.de\/wp-content\/uploads\/2017\/04\/Erntepaar2017.jpg\" alt=\"\" width=\"400\" height=\"301\" srcset=\"https:\/\/jennecken.de\/wp-content\/uploads\/2017\/04\/Erntepaar2017.jpg 600w, https:\/\/jennecken.de\/wp-content\/uploads\/2017\/04\/Erntepaar2017-300x226.jpg 300w\" sizes=\"auto, (max-width: 400px) 100vw, 400px\" \/><figcaption id=\"caption-attachment-3419\" class=\"wp-caption-text\">Erntepaar 2017 &#8211; Melitta und J\u00fcrgen Poschner<\/figcaption><\/figure>\n<p>Das 60. Erntedankest wird in diesem Jahr mit viel Musik aufwarten. So freut sich der <a href=\"http:\/\/www.ernteverein-drabenderhoehe.de\" target=\"_blank\">Ernteverein Drabenderh\u00f6he<\/a> unter anderem, dass im Zuge des Partnerschaftstreffens der Stadt mit Crimmitschau, der Fanfanrenzug Crimmitschau das Fest und insbesondere den Umzug am Sonntag begleiten werden.<\/p>\n<p>Nachdem im letzten Jahr der Freitagabend als Auftakt genau <!--more-->so \u00fcberw\u00e4ltigend angenommen wurde wie der Abschluss am Sonntagabend mit einem Live-Konzert, wird sich am Ablauf in diesem Jahr wenig \u00e4ndern, so der Vorsitzende Volker Stache.<\/p>\n<p>Details zum Programm wird der Ernteverein im Sommer zeitnah vor dem Fest bekannt geben. Es wir aber auch in diesem Jahr f\u00fcr alle Generationen mehr als genug dabei sein.<\/p>\n<p>Zum 60. Erntedankfest w\u00fcrde sich der Ernteverein freuen, wenn sich ggf. auch andere Ortsgemeinschaften oder landwirtschaftlich gepr\u00e4gte Orte an der in der Stadt Wiehl einzigartigen Festumzug am 10. September 2017 ab 14 Uhr mit Fu\u00dfgruppen, historischen Traktoren oder sogar mit eigenen Wagen beteiligen.<\/p>\n<p>Wer Lust hat, am Umzug \u2013 wie auch immer \u2013 teilzunehmen oder mehr Informationen haben m\u00f6chte, soll sich unter 0163\/6917170 an Volker Stache wenden.<\/p>\n<p>Quelle: Text und Bild www.drabenderhoehe.de<\/p>\n","protected":false},"excerpt":{"rendered":"<p>In der Zeit vom 8. bis 10. September 2017 findet in Drabenderh\u00f6he das traditionelle Erntedankfest statt. Melitta und J\u00fcrgen Poschner aus der Nachbarschaft L\u00f6her Hof l\u00f6sen im September das noch amtierende Erntepaar Ulrike Floegel-Lau und Dirk \u201eBongo\u201c Ruland ab. Das 60. Erntedankest wird in diesem Jahr mit viel Musik aufwarten. So freut sich der Ernteverein &hellip; <\/p>\n<p class=\"link-more\"><a href=\"https:\/\/jennecken.de\/?p=3420\" class=\"more-link\"><span class=\"screen-reader-text\">\u201eErntepaar 2017\u201c<\/span> weiterlesen<\/a><\/p>\n","protected":false},"author":1001002,"featured_media":0,"comment_status":"closed","ping_status":"closed","sticky":false,"template":"","format":"standard","meta":{"footnotes":""},"categories":[1],"tags":[46,105,22],"class_list":["post-3420","post","type-post","status-publish","format-standard","hentry","category-allgemein","tag-erntedankfest","tag-erntefest","tag-ernteverein"],"_links":{"self":[{"href":"https:\/\/jennecken.de\/index.php?rest_route=\/wp\/v2\/posts\/3420","targetHints":{"allow":["GET"]}}],"collection":[{"href":"https:\/\/jennecken.de\/index.php?rest_route=\/wp\/v2\/posts"}],"about":[{"href":"https:\/\/jennecken.de\/index.php?rest_route=\/wp\/v2\/types\/post"}],"author":[{"embeddable":true,"href":"https:\/\/jennecken.de\/index.php?rest_route=\/wp\/v2\/users\/1001002"}],"replies":[{"embeddable":true,"href":"https:\/\/jennecken.de\/index.php?rest_route=%2Fwp%2Fv2%2Fcomments&post=3420"}],"version-history":[{"count":2,"href":"https:\/\/jennecken.de\/index.php?rest_route=\/wp\/v2\/posts\/3420\/revisions"}],"predecessor-version":[{"id":3422,"href":"https:\/\/jennecken.de\/index.php?rest_route=\/wp\/v2\/posts\/3420\/revisions\/3422"}],"wp:attachment":[{"href":"https:\/\/jennecken.de\/index.php?rest_route=%2Fwp%2Fv2%2Fmedia&parent=3420"}],"wp:term":[{"taxonomy":"category","embeddable":true,"href":"https:\/\/jennecken.de\/index.php?rest_route=%2Fwp%2Fv2%2Fcategories&post=3420"},{"taxonomy":"post_tag","embeddable":true,"href":"https:\/\/jennecken.de\/index.php?rest_route=%2Fwp%2Fv2%2Ftags&post=3420"}],"curies":[{"name":"wp","href":"https:\/\/api.w.org\/{rel}","templated":true}]}}