{"id":3649,"date":"2017-09-16T10:57:18","date_gmt":"2017-09-16T08:57:18","guid":{"rendered":"http:\/\/jennecken.de\/?p=3649"},"modified":"2017-09-16T20:22:43","modified_gmt":"2017-09-16T18:22:43","slug":"bekraenzen-bei-taufenbachs","status":"publish","type":"post","link":"https:\/\/jennecken.de\/?p=3649","title":{"rendered":"Bekr\u00e4nzen bei Taufenbachs"},"content":{"rendered":"<p>Anl\u00e4sslich der Silberhochzeit von Corinna und Thomas wurde am Freitag, dem 15. September, die T\u00fcre bekr\u00e4nzt.<\/p>\n<p><img loading=\"lazy\" decoding=\"async\" class=\"aligncenter wp-image-3651\" src=\"https:\/\/jennecken.de\/wp-content\/uploads\/2017\/09\/Taufenbach.jpg\" alt=\"\" width=\"400\" height=\"267\" srcset=\"https:\/\/jennecken.de\/wp-content\/uploads\/2017\/09\/Taufenbach.jpg 1200w, https:\/\/jennecken.de\/wp-content\/uploads\/2017\/09\/Taufenbach-300x200.jpg 300w, https:\/\/jennecken.de\/wp-content\/uploads\/2017\/09\/Taufenbach-768x512.jpg 768w, https:\/\/jennecken.de\/wp-content\/uploads\/2017\/09\/Taufenbach-1024x683.jpg 1024w\" sizes=\"auto, (max-width: 400px) 100vw, 400px\" \/><\/p>\n<p>Wir bedanken uns beim Silberpaar f\u00fcr die tolle Bewirtung!<\/p>\n<p>Die Bilder vom Bekr\u00e4nzen findet Ihr <a href=\"https:\/\/goo.gl\/photos\/VrnJ4XaYKYfyg5sD9\" target=\"_blank\" rel=\"noopener\">&#8230;hier\u00bb<\/a>.<\/p>\n","protected":false},"excerpt":{"rendered":"<p>Anl\u00e4sslich der Silberhochzeit von Corinna und Thomas wurde am Freitag, dem 15. September, die T\u00fcre bekr\u00e4nzt. Wir bedanken uns beim Silberpaar f\u00fcr die tolle Bewirtung! Die Bilder vom Bekr\u00e4nzen findet Ihr &#8230;hier\u00bb.<\/p>\n","protected":false},"author":1001002,"featured_media":0,"comment_status":"closed","ping_status":"closed","sticky":false,"template":"","format":"standard","meta":{"footnotes":""},"categories":[4],"tags":[95],"class_list":["post-3649","post","type-post","status-publish","format-standard","hentry","category-neues-aus-jennecken","tag-hochzeit"],"_links":{"self":[{"href":"https:\/\/jennecken.de\/index.php?rest_route=\/wp\/v2\/posts\/3649","targetHints":{"allow":["GET"]}}],"collection":[{"href":"https:\/\/jennecken.de\/index.php?rest_route=\/wp\/v2\/posts"}],"about":[{"href":"https:\/\/jennecken.de\/index.php?rest_route=\/wp\/v2\/types\/post"}],"author":[{"embeddable":true,"href":"https:\/\/jennecken.de\/index.php?rest_route=\/wp\/v2\/users\/1001002"}],"replies":[{"embeddable":true,"href":"https:\/\/jennecken.de\/index.php?rest_route=%2Fwp%2Fv2%2Fcomments&post=3649"}],"version-history":[{"count":3,"href":"https:\/\/jennecken.de\/index.php?rest_route=\/wp\/v2\/posts\/3649\/revisions"}],"predecessor-version":[{"id":3653,"href":"https:\/\/jennecken.de\/index.php?rest_route=\/wp\/v2\/posts\/3649\/revisions\/3653"}],"wp:attachment":[{"href":"https:\/\/jennecken.de\/index.php?rest_route=%2Fwp%2Fv2%2Fmedia&parent=3649"}],"wp:term":[{"taxonomy":"category","embeddable":true,"href":"https:\/\/jennecken.de\/index.php?rest_route=%2Fwp%2Fv2%2Fcategories&post=3649"},{"taxonomy":"post_tag","embeddable":true,"href":"https:\/\/jennecken.de\/index.php?rest_route=%2Fwp%2Fv2%2Ftags&post=3649"}],"curies":[{"name":"wp","href":"https:\/\/api.w.org\/{rel}","templated":true}]}}