{"id":3657,"date":"2017-10-06T09:08:49","date_gmt":"2017-10-06T07:08:49","guid":{"rendered":"http:\/\/jennecken.de\/?p=3657"},"modified":"2017-10-06T09:08:49","modified_gmt":"2017-10-06T07:08:49","slug":"jennecker-oktoberfest-4","status":"publish","type":"post","link":"https:\/\/jennecken.de\/?p=3657","title":{"rendered":"Jennecker Oktoberfest"},"content":{"rendered":"<p>Auch in diesem Jahr m\u00f6chten wir mit Euch das Jennecker Oktoberfest feiern. Hierzu laden wir Euch am Samstag, den 28. Oktober 2017, ab\u00a019:00 Uhr ins Dorfhaus in Jennecken ein.<\/p>\n<p><img loading=\"lazy\" decoding=\"async\" class=\"aligncenter wp-image-3659\" src=\"https:\/\/jennecken.de\/wp-content\/uploads\/2017\/10\/Oktoberfest.jpg\" alt=\"\" width=\"400\" height=\"234\" srcset=\"https:\/\/jennecken.de\/wp-content\/uploads\/2017\/10\/Oktoberfest.jpg 1392w, https:\/\/jennecken.de\/wp-content\/uploads\/2017\/10\/Oktoberfest-300x176.jpg 300w, https:\/\/jennecken.de\/wp-content\/uploads\/2017\/10\/Oktoberfest-768x450.jpg 768w, https:\/\/jennecken.de\/wp-content\/uploads\/2017\/10\/Oktoberfest-1024x600.jpg 1024w\" sizes=\"auto, (max-width: 400px) 100vw, 400px\" \/><\/p>\n<p>\u00dcber eine rege Teilnahme w\u00fcrden wir uns sehr freuen. Freunde und Bekannte k\u00f6nnen gerne mitkommen (bitte bei der Essensbestellung ber\u00fccksichtigen).<br \/>\nIn diesem Jahr bieten wir f\u00fcr das leibliche Wohl wahlweise folgende Speisen an:<!--more--><\/p>\n<p>\u2022 gro\u00dfe, bayerische Grillhaxe\/Sauerkraut\/P\u00fcree (zu je 9,00 \u20ac)<br \/>\n\u2022 Leberk\u00e4s\/Sauerkraut\/P\u00fcree (zu je 7,50 \u20ac)<br \/>\n\u2022 zwei Bockw\u00fcrstchen mit Kartoffelsalat (zu je 4,00 \u20ac)<\/p>\n<p>Um Essensanmeldung wird bis zum 21.Oktober 2017 gebeten! Die Anmeldungen bitte bei einem Vorstandsmitglied abgeben, ober per Mail an <a href=\"mailto:vorstand@jennecken.de\">vorstand@jennecken.de<\/a> senden.<br \/>\nDie Einladung wird an alle Jennecker zudem per Hauspost verteilt.<\/p>\n","protected":false},"excerpt":{"rendered":"<p>Auch in diesem Jahr m\u00f6chten wir mit Euch das Jennecker Oktoberfest feiern. Hierzu laden wir Euch am Samstag, den 28. Oktober 2017, ab\u00a019:00 Uhr ins Dorfhaus in Jennecken ein. \u00dcber eine rege Teilnahme w\u00fcrden wir uns sehr freuen. Freunde und Bekannte k\u00f6nnen gerne mitkommen (bitte bei der Essensbestellung ber\u00fccksichtigen). In diesem Jahr bieten wir f\u00fcr &hellip; <\/p>\n<p class=\"link-more\"><a href=\"https:\/\/jennecken.de\/?p=3657\" class=\"more-link\"><span class=\"screen-reader-text\">\u201eJennecker Oktoberfest\u201c<\/span> weiterlesen<\/a><\/p>\n","protected":false},"author":1001002,"featured_media":0,"comment_status":"closed","ping_status":"closed","sticky":false,"template":"","format":"standard","meta":{"footnotes":""},"categories":[4,8],"tags":[115],"class_list":["post-3657","post","type-post","status-publish","format-standard","hentry","category-neues-aus-jennecken","category-termine-und-einladungen","tag-oktoberfest"],"_links":{"self":[{"href":"https:\/\/jennecken.de\/index.php?rest_route=\/wp\/v2\/posts\/3657","targetHints":{"allow":["GET"]}}],"collection":[{"href":"https:\/\/jennecken.de\/index.php?rest_route=\/wp\/v2\/posts"}],"about":[{"href":"https:\/\/jennecken.de\/index.php?rest_route=\/wp\/v2\/types\/post"}],"author":[{"embeddable":true,"href":"https:\/\/jennecken.de\/index.php?rest_route=\/wp\/v2\/users\/1001002"}],"replies":[{"embeddable":true,"href":"https:\/\/jennecken.de\/index.php?rest_route=%2Fwp%2Fv2%2Fcomments&post=3657"}],"version-history":[{"count":5,"href":"https:\/\/jennecken.de\/index.php?rest_route=\/wp\/v2\/posts\/3657\/revisions"}],"predecessor-version":[{"id":3663,"href":"https:\/\/jennecken.de\/index.php?rest_route=\/wp\/v2\/posts\/3657\/revisions\/3663"}],"wp:attachment":[{"href":"https:\/\/jennecken.de\/index.php?rest_route=%2Fwp%2Fv2%2Fmedia&parent=3657"}],"wp:term":[{"taxonomy":"category","embeddable":true,"href":"https:\/\/jennecken.de\/index.php?rest_route=%2Fwp%2Fv2%2Fcategories&post=3657"},{"taxonomy":"post_tag","embeddable":true,"href":"https:\/\/jennecken.de\/index.php?rest_route=%2Fwp%2Fv2%2Ftags&post=3657"}],"curies":[{"name":"wp","href":"https:\/\/api.w.org\/{rel}","templated":true}]}}