{"id":3803,"date":"2018-01-08T07:49:47","date_gmt":"2018-01-08T06:49:47","guid":{"rendered":"http:\/\/jennecken.de\/?p=3803"},"modified":"2018-01-08T07:49:47","modified_gmt":"2018-01-08T06:49:47","slug":"tannenbaum-aktion-2","status":"publish","type":"post","link":"https:\/\/jennecken.de\/?p=3803","title":{"rendered":"Tannenbaum-Aktion"},"content":{"rendered":"<p>Am Samstag, den 13. Januar 2018 findet die allj\u00e4hrliche Tannenbaum-Aktion der Ev. Jugend Drabenderh\u00f6he statt. Ab 9.00 Uhr morgens werden an diesem Tag in den umliegenden Ortschaften die ausgedienten Weihnachtsb\u00e4ume eingesammelt. Jennecken ist wie immer auch dabei.<\/p>\n<figure id=\"attachment_3317\" aria-describedby=\"caption-attachment-3317\" style=\"width: 400px\" class=\"wp-caption aligncenter\"><img loading=\"lazy\" decoding=\"async\" class=\"size-full wp-image-3317\" src=\"https:\/\/jennecken.de\/wp-content\/uploads\/2017\/01\/Tannenbaumaktion2013.jpg\" alt=\"\" width=\"400\" height=\"238\" srcset=\"https:\/\/jennecken.de\/wp-content\/uploads\/2017\/01\/Tannenbaumaktion2013.jpg 400w, https:\/\/jennecken.de\/wp-content\/uploads\/2017\/01\/Tannenbaumaktion2013-300x179.jpg 300w\" sizes=\"auto, (max-width: 400px) 100vw, 400px\" \/><figcaption id=\"caption-attachment-3317\" class=\"wp-caption-text\">Quelle: wiehl.de 2013<\/figcaption><\/figure>\n<p>Bitte die Tannenb\u00e4ume gut sichtbar an die Stra\u00dfe legen und eine kleine Spende bereithalten. Ein rechtlicher Anspruch besteht nicht.<br \/>\nWeitere Info\u2019s unter\u00a0<a href=\"http:\/\/drabenderhoehe.de\/\">drabenderhoehe.de \u2192<\/a>.<\/p>\n","protected":false},"excerpt":{"rendered":"<p>Am Samstag, den 13. Januar 2018 findet die allj\u00e4hrliche Tannenbaum-Aktion der Ev. Jugend Drabenderh\u00f6he statt. Ab 9.00 Uhr morgens werden an diesem Tag in den umliegenden Ortschaften die ausgedienten Weihnachtsb\u00e4ume eingesammelt. Jennecken ist wie immer auch dabei. Bitte die Tannenb\u00e4ume gut sichtbar an die Stra\u00dfe legen und eine kleine Spende bereithalten. Ein rechtlicher Anspruch besteht &hellip; <\/p>\n<p class=\"link-more\"><a href=\"https:\/\/jennecken.de\/?p=3803\" class=\"more-link\"><span class=\"screen-reader-text\">\u201eTannenbaum-Aktion\u201c<\/span> weiterlesen<\/a><\/p>\n","protected":false},"author":1001002,"featured_media":0,"comment_status":"closed","ping_status":"closed","sticky":false,"template":"","format":"standard","meta":{"footnotes":""},"categories":[153],"tags":[154],"class_list":["post-3803","post","type-post","status-publish","format-standard","hentry","category-allgemeine-info","tag-tannenbaum"],"_links":{"self":[{"href":"https:\/\/jennecken.de\/index.php?rest_route=\/wp\/v2\/posts\/3803","targetHints":{"allow":["GET"]}}],"collection":[{"href":"https:\/\/jennecken.de\/index.php?rest_route=\/wp\/v2\/posts"}],"about":[{"href":"https:\/\/jennecken.de\/index.php?rest_route=\/wp\/v2\/types\/post"}],"author":[{"embeddable":true,"href":"https:\/\/jennecken.de\/index.php?rest_route=\/wp\/v2\/users\/1001002"}],"replies":[{"embeddable":true,"href":"https:\/\/jennecken.de\/index.php?rest_route=%2Fwp%2Fv2%2Fcomments&post=3803"}],"version-history":[{"count":1,"href":"https:\/\/jennecken.de\/index.php?rest_route=\/wp\/v2\/posts\/3803\/revisions"}],"predecessor-version":[{"id":3804,"href":"https:\/\/jennecken.de\/index.php?rest_route=\/wp\/v2\/posts\/3803\/revisions\/3804"}],"wp:attachment":[{"href":"https:\/\/jennecken.de\/index.php?rest_route=%2Fwp%2Fv2%2Fmedia&parent=3803"}],"wp:term":[{"taxonomy":"category","embeddable":true,"href":"https:\/\/jennecken.de\/index.php?rest_route=%2Fwp%2Fv2%2Fcategories&post=3803"},{"taxonomy":"post_tag","embeddable":true,"href":"https:\/\/jennecken.de\/index.php?rest_route=%2Fwp%2Fv2%2Ftags&post=3803"}],"curies":[{"name":"wp","href":"https:\/\/api.w.org\/{rel}","templated":true}]}}