{"id":3810,"date":"2018-02-02T08:50:55","date_gmt":"2018-02-02T07:50:55","guid":{"rendered":"http:\/\/jennecken.de\/?p=3810"},"modified":"2018-12-13T08:36:13","modified_gmt":"2018-12-13T07:36:13","slug":"termine-2018","status":"publish","type":"post","link":"https:\/\/jennecken.de\/?p=3810","title":{"rendered":"Termine 2018"},"content":{"rendered":"<p>Hier eine \u00dcbersicht \u00fcber die geplanten Termine und Aktivit\u00e4ten f\u00fcr 2018. Eventuelle \u00c4nderungen und Verschiebungen, sowie die genauen Anfangszeiten werden rechtzeitig bekannt gegeben.<\/p>\n<p><img loading=\"lazy\" decoding=\"async\" class=\"aligncenter wp-image-3296\" src=\"https:\/\/jennecken.de\/wp-content\/uploads\/2017\/01\/Termine.jpg\" alt=\"\" width=\"1000\" height=\"448\" srcset=\"https:\/\/jennecken.de\/wp-content\/uploads\/2017\/01\/Termine.jpg 1400w, https:\/\/jennecken.de\/wp-content\/uploads\/2017\/01\/Termine-300x134.jpg 300w, https:\/\/jennecken.de\/wp-content\/uploads\/2017\/01\/Termine-768x344.jpg 768w, https:\/\/jennecken.de\/wp-content\/uploads\/2017\/01\/Termine-1024x459.jpg 1024w\" sizes=\"auto, (max-width: 767px) 89vw, (max-width: 1000px) 54vw, (max-width: 1071px) 543px, 580px\" \/><\/p>\n<p>Alle Termine findet Ihr wie gewohnt in unserem <a href=\"https:\/\/jennecken.de\/?page_id=328\">Kalender<\/a>, oder rechtzeitig als Infozettel in Eurem Briefkasten.<!--more--><\/p>\n<table>\n<tbody>\n<tr>\n<td width=\"180\">21. Februar<\/td>\n<td>Jahreshauptversammlung<\/td>\n<\/tr>\n<tr>\n<td width=\"180\">17. M\u00e4rz<\/td>\n<td>Aktionstag &#8222;Saubere Landschaft&#8220;<\/td>\n<\/tr>\n<tr>\n<td width=\"180\">01. Mai<\/td>\n<td>Maiblasen<\/td>\n<\/tr>\n<tr>\n<td width=\"180\">16. Juni<\/td>\n<td>Dorffest<\/td>\n<\/tr>\n<tr>\n<td width=\"180\">14. Juni &#8211;<br \/>\n15. Juli<\/td>\n<td>Fu\u00dfball WM in Ru\u00dfland<br \/>\nAlle deutschen Spiele live im Dorfhaus<\/td>\n<\/tr>\n<tr>\n<td width=\"180\">03.-08. September<\/td>\n<td>Erntewagenbau<\/td>\n<\/tr>\n<tr>\n<td width=\"180\">09. September<\/td>\n<td>Umzug Erntefest<\/td>\n<\/tr>\n<tr>\n<td width=\"180\">27. Oktober<\/td>\n<td>Oktoberfest<\/td>\n<\/tr>\n<tr>\n<td width=\"180\">09. November<\/td>\n<td>Martinsfeuer<\/td>\n<\/tr>\n<tr>\n<td width=\"180\">24. November<\/td>\n<td>Aufstellen des Weihnachtsbaums<\/td>\n<\/tr>\n<\/tbody>\n<\/table>\n","protected":false},"excerpt":{"rendered":"<p>Hier eine \u00dcbersicht \u00fcber die geplanten Termine und Aktivit\u00e4ten f\u00fcr 2018. Eventuelle \u00c4nderungen und Verschiebungen, sowie die genauen Anfangszeiten werden rechtzeitig bekannt gegeben. Alle Termine findet Ihr wie gewohnt in unserem Kalender, oder rechtzeitig als Infozettel in Eurem Briefkasten.<\/p>\n","protected":false},"author":1001002,"featured_media":0,"comment_status":"closed","ping_status":"closed","sticky":false,"template":"","format":"standard","meta":{"footnotes":""},"categories":[4],"tags":[76],"class_list":["post-3810","post","type-post","status-publish","format-standard","hentry","category-neues-aus-jennecken","tag-termine"],"_links":{"self":[{"href":"https:\/\/jennecken.de\/index.php?rest_route=\/wp\/v2\/posts\/3810","targetHints":{"allow":["GET"]}}],"collection":[{"href":"https:\/\/jennecken.de\/index.php?rest_route=\/wp\/v2\/posts"}],"about":[{"href":"https:\/\/jennecken.de\/index.php?rest_route=\/wp\/v2\/types\/post"}],"author":[{"embeddable":true,"href":"https:\/\/jennecken.de\/index.php?rest_route=\/wp\/v2\/users\/1001002"}],"replies":[{"embeddable":true,"href":"https:\/\/jennecken.de\/index.php?rest_route=%2Fwp%2Fv2%2Fcomments&post=3810"}],"version-history":[{"count":6,"href":"https:\/\/jennecken.de\/index.php?rest_route=\/wp\/v2\/posts\/3810\/revisions"}],"predecessor-version":[{"id":4207,"href":"https:\/\/jennecken.de\/index.php?rest_route=\/wp\/v2\/posts\/3810\/revisions\/4207"}],"wp:attachment":[{"href":"https:\/\/jennecken.de\/index.php?rest_route=%2Fwp%2Fv2%2Fmedia&parent=3810"}],"wp:term":[{"taxonomy":"category","embeddable":true,"href":"https:\/\/jennecken.de\/index.php?rest_route=%2Fwp%2Fv2%2Fcategories&post=3810"},{"taxonomy":"post_tag","embeddable":true,"href":"https:\/\/jennecken.de\/index.php?rest_route=%2Fwp%2Fv2%2Ftags&post=3810"}],"curies":[{"name":"wp","href":"https:\/\/api.w.org\/{rel}","templated":true}]}}