{"id":3822,"date":"2018-02-21T08:00:19","date_gmt":"2018-02-21T07:00:19","guid":{"rendered":"http:\/\/jennecken.de\/?p=3822"},"modified":"2018-12-13T08:34:59","modified_gmt":"2018-12-13T07:34:59","slug":"einladung-zum-konzert-2","status":"publish","type":"post","link":"https:\/\/jennecken.de\/?p=3822","title":{"rendered":"Einladung zum Konzert"},"content":{"rendered":"<p>Das Akkordeon-Orchester Drabenderh\u00f6he-Bergisch Land l\u00e4dt alle Musikfreunde herzlich zum diesj\u00e4hrigen Fr\u00fchjahrskonzert in der Aggertalklinik in Engelskirchen ein.<\/p>\n<p><img loading=\"lazy\" decoding=\"async\" class=\"aligncenter wp-image-3821 size-full\" src=\"https:\/\/jennecken.de\/wp-content\/uploads\/2018\/02\/Akkordeon201801.jpg\" alt=\"\" width=\"731\" height=\"522\" srcset=\"https:\/\/jennecken.de\/wp-content\/uploads\/2018\/02\/Akkordeon201801.jpg 731w, https:\/\/jennecken.de\/wp-content\/uploads\/2018\/02\/Akkordeon201801-300x214.jpg 300w\" sizes=\"auto, (max-width: 731px) 100vw, 731px\" \/><\/p>\n<p>Am Samstag, den 10.03.2018 geben wir ein Konzert mit dem Chor O-Ton Overath im Veranstaltungssaal der Aggertalklinik Engelskirchen. Wir m\u00f6chten Ihnen mit einem unterhaltsamen Programm den Samstagabend vertreiben und <!--more-->die Bandbreite der Akkordeonmusik pr\u00e4sentieren.Auch das Nachwuchsorchester wird sein K\u00f6nnen vorstellen. Die Jugendlichen werden uns musikalisch mit modernen St\u00fccken unterhalten.<\/p>\n<p>Der gemischte Chor O-Ton Overath wird mit seiner bunten Mischung verschiedener Lieder zur Gestaltung beitragen. Der Eintritt zu dieser Veranstaltung ist frei, Einlass ist ab 18.30 Uhr.<\/p>\n<p>Wir freuen uns schon heute auf Ihren Besuch und w\u00fcnschen Ihnen einen sch\u00f6nen musikalischen Abend.<\/p>\n<p>Ihr Akkordeon-Orchester<br \/>\nDrabenderh\u00f6he-Bergisch Land<strong>\u00a0 <\/strong><\/p>\n","protected":false},"excerpt":{"rendered":"<p>Das Akkordeon-Orchester Drabenderh\u00f6he-Bergisch Land l\u00e4dt alle Musikfreunde herzlich zum diesj\u00e4hrigen Fr\u00fchjahrskonzert in der Aggertalklinik in Engelskirchen ein. Am Samstag, den 10.03.2018 geben wir ein Konzert mit dem Chor O-Ton Overath im Veranstaltungssaal der Aggertalklinik Engelskirchen. Wir m\u00f6chten Ihnen mit einem unterhaltsamen Programm den Samstagabend vertreiben und<\/p>\n","protected":false},"author":1001002,"featured_media":0,"comment_status":"closed","ping_status":"closed","sticky":false,"template":"","format":"standard","meta":{"footnotes":""},"categories":[1],"tags":[126,132],"class_list":["post-3822","post","type-post","status-publish","format-standard","hentry","category-allgemein","tag-akkordeon","tag-konzert"],"_links":{"self":[{"href":"https:\/\/jennecken.de\/index.php?rest_route=\/wp\/v2\/posts\/3822","targetHints":{"allow":["GET"]}}],"collection":[{"href":"https:\/\/jennecken.de\/index.php?rest_route=\/wp\/v2\/posts"}],"about":[{"href":"https:\/\/jennecken.de\/index.php?rest_route=\/wp\/v2\/types\/post"}],"author":[{"embeddable":true,"href":"https:\/\/jennecken.de\/index.php?rest_route=\/wp\/v2\/users\/1001002"}],"replies":[{"embeddable":true,"href":"https:\/\/jennecken.de\/index.php?rest_route=%2Fwp%2Fv2%2Fcomments&post=3822"}],"version-history":[{"count":5,"href":"https:\/\/jennecken.de\/index.php?rest_route=\/wp\/v2\/posts\/3822\/revisions"}],"predecessor-version":[{"id":4205,"href":"https:\/\/jennecken.de\/index.php?rest_route=\/wp\/v2\/posts\/3822\/revisions\/4205"}],"wp:attachment":[{"href":"https:\/\/jennecken.de\/index.php?rest_route=%2Fwp%2Fv2%2Fmedia&parent=3822"}],"wp:term":[{"taxonomy":"category","embeddable":true,"href":"https:\/\/jennecken.de\/index.php?rest_route=%2Fwp%2Fv2%2Fcategories&post=3822"},{"taxonomy":"post_tag","embeddable":true,"href":"https:\/\/jennecken.de\/index.php?rest_route=%2Fwp%2Fv2%2Ftags&post=3822"}],"curies":[{"name":"wp","href":"https:\/\/api.w.org\/{rel}","templated":true}]}}