{"id":3863,"date":"2018-03-05T09:03:07","date_gmt":"2018-03-05T08:03:07","guid":{"rendered":"http:\/\/jennecken.de\/?p=3863"},"modified":"2018-12-13T08:34:23","modified_gmt":"2018-12-13T07:34:23","slug":"10-jahre-teetaesschen-de","status":"publish","type":"post","link":"https:\/\/jennecken.de\/?p=3863","title":{"rendered":"10 Jahre Teetaesschen.de"},"content":{"rendered":"<p>Das Teet\u00e4sschen wird diesen Monat, genauer gesagt am 15.03.2018, bereits 10 Jahre und bedankt sich bei allen treuen Kundinnen und Kunden mit einem Einkaufsrabatt von 10 % auf jedem Einkauf im Zeitraum vom 15.03.2018 bis zum 31.03.2018.<\/p>\n<p><img loading=\"lazy\" decoding=\"async\" class=\"aligncenter wp-image-3865 size-full\" src=\"https:\/\/jennecken.de\/wp-content\/uploads\/2018\/03\/teetaesschen_10Jahre.jpg\" alt=\"\" width=\"573\" height=\"377\" srcset=\"https:\/\/jennecken.de\/wp-content\/uploads\/2018\/03\/teetaesschen_10Jahre.jpg 573w, https:\/\/jennecken.de\/wp-content\/uploads\/2018\/03\/teetaesschen_10Jahre-300x197.jpg 300w\" sizes=\"auto, (max-width: 573px) 100vw, 573px\" \/><\/p>\n<p>Auch der Gemeinn\u00fctzige Verein Jennecken gratuliert herzlich zum Jubil\u00e4um und bedankt sich f\u00fcr die treue Unterst\u00fctzung!<\/p>\n","protected":false},"excerpt":{"rendered":"<p>Das Teet\u00e4sschen wird diesen Monat, genauer gesagt am 15.03.2018, bereits 10 Jahre und bedankt sich bei allen treuen Kundinnen und Kunden mit einem Einkaufsrabatt von 10 % auf jedem Einkauf im Zeitraum vom 15.03.2018 bis zum 31.03.2018. Auch der Gemeinn\u00fctzige Verein Jennecken gratuliert herzlich zum Jubil\u00e4um und bedankt sich f\u00fcr die treue Unterst\u00fctzung!<\/p>\n","protected":false},"author":1001002,"featured_media":0,"comment_status":"closed","ping_status":"closed","sticky":false,"template":"","format":"standard","meta":{"footnotes":""},"categories":[4],"tags":[],"class_list":["post-3863","post","type-post","status-publish","format-standard","hentry","category-neues-aus-jennecken"],"_links":{"self":[{"href":"https:\/\/jennecken.de\/index.php?rest_route=\/wp\/v2\/posts\/3863","targetHints":{"allow":["GET"]}}],"collection":[{"href":"https:\/\/jennecken.de\/index.php?rest_route=\/wp\/v2\/posts"}],"about":[{"href":"https:\/\/jennecken.de\/index.php?rest_route=\/wp\/v2\/types\/post"}],"author":[{"embeddable":true,"href":"https:\/\/jennecken.de\/index.php?rest_route=\/wp\/v2\/users\/1001002"}],"replies":[{"embeddable":true,"href":"https:\/\/jennecken.de\/index.php?rest_route=%2Fwp%2Fv2%2Fcomments&post=3863"}],"version-history":[{"count":6,"href":"https:\/\/jennecken.de\/index.php?rest_route=\/wp\/v2\/posts\/3863\/revisions"}],"predecessor-version":[{"id":4203,"href":"https:\/\/jennecken.de\/index.php?rest_route=\/wp\/v2\/posts\/3863\/revisions\/4203"}],"wp:attachment":[{"href":"https:\/\/jennecken.de\/index.php?rest_route=%2Fwp%2Fv2%2Fmedia&parent=3863"}],"wp:term":[{"taxonomy":"category","embeddable":true,"href":"https:\/\/jennecken.de\/index.php?rest_route=%2Fwp%2Fv2%2Fcategories&post=3863"},{"taxonomy":"post_tag","embeddable":true,"href":"https:\/\/jennecken.de\/index.php?rest_route=%2Fwp%2Fv2%2Ftags&post=3863"}],"curies":[{"name":"wp","href":"https:\/\/api.w.org\/{rel}","templated":true}]}}