{"id":3870,"date":"2018-03-10T18:53:17","date_gmt":"2018-03-10T17:53:17","guid":{"rendered":"http:\/\/jennecken.de\/?p=3870"},"modified":"2018-12-13T08:33:27","modified_gmt":"2018-12-13T07:33:27","slug":"aktionstag-saubere-landschaft-2018","status":"publish","type":"post","link":"https:\/\/jennecken.de\/?p=3870","title":{"rendered":"Aktionstag Saubere Landschaft 2018"},"content":{"rendered":"<p>Am Samstag, dem 17. M\u00e4rz, findet im Rahmen des Aktionstags Saubere Landschaft der traditionelle Jennecker Fr\u00fchjahrsputz statt. Wir treffen uns um 10:00 Uhr auf unserem Kinderspielplatz.<\/p>\n<p><img loading=\"lazy\" decoding=\"async\" class=\"aligncenter wp-image-3874 size-full\" src=\"https:\/\/jennecken.de\/wp-content\/uploads\/2018\/03\/saubere_landschaft_2017.jpg\" alt=\"\" width=\"800\" height=\"532\" srcset=\"https:\/\/jennecken.de\/wp-content\/uploads\/2018\/03\/saubere_landschaft_2017.jpg 800w, https:\/\/jennecken.de\/wp-content\/uploads\/2018\/03\/saubere_landschaft_2017-300x200.jpg 300w, https:\/\/jennecken.de\/wp-content\/uploads\/2018\/03\/saubere_landschaft_2017-768x511.jpg 768w\" sizes=\"auto, (max-width: 767px) 89vw, (max-width: 1000px) 54vw, (max-width: 1071px) 543px, 580px\" \/><\/p>\n<p>Jennecker, &#8230;.kommt und helft alle mit!<\/p>\n<p>Wr bringen den Spielplatz auf Vordermann und sammeln den M\u00fcll in der Umgebung.<br \/>\nF\u00fcr Verpflegung ist bestens gesorgt.\u00a0Nach getaner Arbeit warten Grillw\u00fcrstchen und k\u00fchle Getr\u00e4nke f\u00fcr alle Helfer!<\/p>\n","protected":false},"excerpt":{"rendered":"<p>Am Samstag, dem 17. M\u00e4rz, findet im Rahmen des Aktionstags Saubere Landschaft der traditionelle Jennecker Fr\u00fchjahrsputz statt. Wir treffen uns um 10:00 Uhr auf unserem Kinderspielplatz. Jennecker, &#8230;.kommt und helft alle mit! Wr bringen den Spielplatz auf Vordermann und sammeln den M\u00fcll in der Umgebung. F\u00fcr Verpflegung ist bestens gesorgt.\u00a0Nach getaner Arbeit warten Grillw\u00fcrstchen und &hellip; <\/p>\n<p class=\"link-more\"><a href=\"https:\/\/jennecken.de\/?p=3870\" class=\"more-link\"><span class=\"screen-reader-text\">\u201eAktionstag Saubere Landschaft 2018\u201c<\/span> weiterlesen<\/a><\/p>\n","protected":false},"author":1001002,"featured_media":0,"comment_status":"closed","ping_status":"closed","sticky":false,"template":"","format":"standard","meta":{"footnotes":""},"categories":[4,8],"tags":[86,87],"class_list":["post-3870","post","type-post","status-publish","format-standard","hentry","category-neues-aus-jennecken","category-termine-und-einladungen","tag-fruehjahrsputz","tag-saubere-landschaft"],"_links":{"self":[{"href":"https:\/\/jennecken.de\/index.php?rest_route=\/wp\/v2\/posts\/3870","targetHints":{"allow":["GET"]}}],"collection":[{"href":"https:\/\/jennecken.de\/index.php?rest_route=\/wp\/v2\/posts"}],"about":[{"href":"https:\/\/jennecken.de\/index.php?rest_route=\/wp\/v2\/types\/post"}],"author":[{"embeddable":true,"href":"https:\/\/jennecken.de\/index.php?rest_route=\/wp\/v2\/users\/1001002"}],"replies":[{"embeddable":true,"href":"https:\/\/jennecken.de\/index.php?rest_route=%2Fwp%2Fv2%2Fcomments&post=3870"}],"version-history":[{"count":7,"href":"https:\/\/jennecken.de\/index.php?rest_route=\/wp\/v2\/posts\/3870\/revisions"}],"predecessor-version":[{"id":4201,"href":"https:\/\/jennecken.de\/index.php?rest_route=\/wp\/v2\/posts\/3870\/revisions\/4201"}],"wp:attachment":[{"href":"https:\/\/jennecken.de\/index.php?rest_route=%2Fwp%2Fv2%2Fmedia&parent=3870"}],"wp:term":[{"taxonomy":"category","embeddable":true,"href":"https:\/\/jennecken.de\/index.php?rest_route=%2Fwp%2Fv2%2Fcategories&post=3870"},{"taxonomy":"post_tag","embeddable":true,"href":"https:\/\/jennecken.de\/index.php?rest_route=%2Fwp%2Fv2%2Ftags&post=3870"}],"curies":[{"name":"wp","href":"https:\/\/api.w.org\/{rel}","templated":true}]}}