{"id":3885,"date":"2018-03-29T20:36:00","date_gmt":"2018-03-29T18:36:00","guid":{"rendered":"http:\/\/jennecken.de\/?p=3885"},"modified":"2018-12-13T08:32:52","modified_gmt":"2018-12-13T07:32:52","slug":"frohes-osterfest","status":"publish","type":"post","link":"https:\/\/jennecken.de\/?p=3885","title":{"rendered":"Frohes Osterfest"},"content":{"rendered":"<p>Der Vorstand des <em>Gemeinn\u00fctzigen Vereins Jennecken<\/em> w\u00fcnscht allen Mitgliedern, Jenneckern, Freunden, G\u00f6nnern und Besuchern unserer Seite ein frohes Osterfest.<\/p>\n<p><img loading=\"lazy\" decoding=\"async\" class=\"aligncenter wp-image-3887 size-full\" src=\"https:\/\/jennecken.de\/wp-content\/uploads\/2018\/03\/Ostern2018.jpg\" alt=\"\" width=\"1000\" height=\"743\" srcset=\"https:\/\/jennecken.de\/wp-content\/uploads\/2018\/03\/Ostern2018.jpg 1000w, https:\/\/jennecken.de\/wp-content\/uploads\/2018\/03\/Ostern2018-300x223.jpg 300w, https:\/\/jennecken.de\/wp-content\/uploads\/2018\/03\/Ostern2018-768x571.jpg 768w\" sizes=\"auto, (max-width: 767px) 89vw, (max-width: 1000px) 54vw, (max-width: 1071px) 543px, 580px\" \/><\/p>\n","protected":false},"excerpt":{"rendered":"<p>Der Vorstand des Gemeinn\u00fctzigen Vereins Jennecken w\u00fcnscht allen Mitgliedern, Jenneckern, Freunden, G\u00f6nnern und Besuchern unserer Seite ein frohes Osterfest.<\/p>\n","protected":false},"author":1001002,"featured_media":0,"comment_status":"closed","ping_status":"closed","sticky":false,"template":"","format":"standard","meta":{"footnotes":""},"categories":[4],"tags":[85],"class_list":["post-3885","post","type-post","status-publish","format-standard","hentry","category-neues-aus-jennecken","tag-ostern"],"_links":{"self":[{"href":"https:\/\/jennecken.de\/index.php?rest_route=\/wp\/v2\/posts\/3885","targetHints":{"allow":["GET"]}}],"collection":[{"href":"https:\/\/jennecken.de\/index.php?rest_route=\/wp\/v2\/posts"}],"about":[{"href":"https:\/\/jennecken.de\/index.php?rest_route=\/wp\/v2\/types\/post"}],"author":[{"embeddable":true,"href":"https:\/\/jennecken.de\/index.php?rest_route=\/wp\/v2\/users\/1001002"}],"replies":[{"embeddable":true,"href":"https:\/\/jennecken.de\/index.php?rest_route=%2Fwp%2Fv2%2Fcomments&post=3885"}],"version-history":[{"count":4,"href":"https:\/\/jennecken.de\/index.php?rest_route=\/wp\/v2\/posts\/3885\/revisions"}],"predecessor-version":[{"id":4199,"href":"https:\/\/jennecken.de\/index.php?rest_route=\/wp\/v2\/posts\/3885\/revisions\/4199"}],"wp:attachment":[{"href":"https:\/\/jennecken.de\/index.php?rest_route=%2Fwp%2Fv2%2Fmedia&parent=3885"}],"wp:term":[{"taxonomy":"category","embeddable":true,"href":"https:\/\/jennecken.de\/index.php?rest_route=%2Fwp%2Fv2%2Fcategories&post=3885"},{"taxonomy":"post_tag","embeddable":true,"href":"https:\/\/jennecken.de\/index.php?rest_route=%2Fwp%2Fv2%2Ftags&post=3885"}],"curies":[{"name":"wp","href":"https:\/\/api.w.org\/{rel}","templated":true}]}}