{"id":3923,"date":"2018-05-02T08:37:41","date_gmt":"2018-05-02T06:37:41","guid":{"rendered":"http:\/\/jennecken.de\/?p=3923"},"modified":"2018-12-13T08:30:08","modified_gmt":"2018-12-13T07:30:08","slug":"maiblasen-2018","status":"publish","type":"post","link":"https:\/\/jennecken.de\/?p=3923","title":{"rendered":"Maiblasen 2018"},"content":{"rendered":"<p style=\"text-align: left;\">Bei strahlendem Sonneschein, jedoch bei eisigen Temperaturen, begr\u00fc\u00dften wir zusammen mit dem Blasorchester Siebenb\u00fcrgen Drabenderh\u00f6he den 1. Mai.<\/p>\n<p><img loading=\"lazy\" decoding=\"async\" class=\"aligncenter wp-image-3922 size-full\" src=\"https:\/\/jennecken.de\/wp-content\/uploads\/2018\/05\/Maiblasen2018.jpg\" alt=\"\" width=\"1000\" height=\"563\" srcset=\"https:\/\/jennecken.de\/wp-content\/uploads\/2018\/05\/Maiblasen2018.jpg 1000w, https:\/\/jennecken.de\/wp-content\/uploads\/2018\/05\/Maiblasen2018-300x169.jpg 300w, https:\/\/jennecken.de\/wp-content\/uploads\/2018\/05\/Maiblasen2018-768x432.jpg 768w\" sizes=\"auto, (max-width: 767px) 89vw, (max-width: 1000px) 54vw, (max-width: 1071px) 543px, 580px\" \/><\/p>\n<p style=\"text-align: left;\">Ein paar Bilder dazu findet Ihr <a href=\"https:\/\/photos.app.goo.gl\/wKf1xiUcJUBY9rG5A\" target=\"_blank\" rel=\"noopener\">&#8230;hier\u00bb<\/a> in unserem Fotoalbum und ein kurzes Video gibt es <a href=\"https:\/\/photos.app.goo.gl\/F6Fj3LTskcxwCgjw8\" target=\"_blank\" rel=\"noopener\">&#8230;hier\u00bb<\/a>.<\/p>\n","protected":false},"excerpt":{"rendered":"<p>Bei strahlendem Sonneschein, jedoch bei eisigen Temperaturen, begr\u00fc\u00dften wir zusammen mit dem Blasorchester Siebenb\u00fcrgen Drabenderh\u00f6he den 1. Mai. Ein paar Bilder dazu findet Ihr &#8230;hier\u00bb in unserem Fotoalbum und ein kurzes Video gibt es &#8230;hier\u00bb.<\/p>\n","protected":false},"author":1001002,"featured_media":0,"comment_status":"closed","ping_status":"closed","sticky":false,"template":"","format":"standard","meta":{"footnotes":""},"categories":[142,4],"tags":[88],"class_list":["post-3923","post","type-post","status-publish","format-standard","hentry","category-bilder","category-neues-aus-jennecken","tag-maiblasen"],"_links":{"self":[{"href":"https:\/\/jennecken.de\/index.php?rest_route=\/wp\/v2\/posts\/3923","targetHints":{"allow":["GET"]}}],"collection":[{"href":"https:\/\/jennecken.de\/index.php?rest_route=\/wp\/v2\/posts"}],"about":[{"href":"https:\/\/jennecken.de\/index.php?rest_route=\/wp\/v2\/types\/post"}],"author":[{"embeddable":true,"href":"https:\/\/jennecken.de\/index.php?rest_route=\/wp\/v2\/users\/1001002"}],"replies":[{"embeddable":true,"href":"https:\/\/jennecken.de\/index.php?rest_route=%2Fwp%2Fv2%2Fcomments&post=3923"}],"version-history":[{"count":9,"href":"https:\/\/jennecken.de\/index.php?rest_route=\/wp\/v2\/posts\/3923\/revisions"}],"predecessor-version":[{"id":4189,"href":"https:\/\/jennecken.de\/index.php?rest_route=\/wp\/v2\/posts\/3923\/revisions\/4189"}],"wp:attachment":[{"href":"https:\/\/jennecken.de\/index.php?rest_route=%2Fwp%2Fv2%2Fmedia&parent=3923"}],"wp:term":[{"taxonomy":"category","embeddable":true,"href":"https:\/\/jennecken.de\/index.php?rest_route=%2Fwp%2Fv2%2Fcategories&post=3923"},{"taxonomy":"post_tag","embeddable":true,"href":"https:\/\/jennecken.de\/index.php?rest_route=%2Fwp%2Fv2%2Ftags&post=3923"}],"curies":[{"name":"wp","href":"https:\/\/api.w.org\/{rel}","templated":true}]}}