{"id":3940,"date":"2018-05-30T12:30:48","date_gmt":"2018-05-30T10:30:48","guid":{"rendered":"http:\/\/jennecken.de\/?p=3940"},"modified":"2018-05-30T11:26:43","modified_gmt":"2018-05-30T09:26:43","slug":"wandertag-des-ssv-nuembrecht-handball","status":"publish","type":"post","link":"https:\/\/jennecken.de\/?p=3940","title":{"rendered":"Wandertag des SSV N\u00fcmbrecht Handball"},"content":{"rendered":"<p>Am 9. Juni werden die Handballer des SSV N\u00fcmbrecht einen \u201eWandertag\u201c mit allen Vereinsmitgliedern, Angeh\u00f6rigen, Freunden, Sponsoren und Fans, aber auch mit Nachbarvereinen veranstalten.<\/p>\n<p><img loading=\"lazy\" decoding=\"async\" class=\"aligncenter wp-image-3941\" src=\"https:\/\/jennecken.de\/wp-content\/uploads\/2018\/05\/SSVHM_201801.jpg\" alt=\"\" width=\"400\" height=\"568\" srcset=\"https:\/\/jennecken.de\/wp-content\/uploads\/2018\/05\/SSVHM_201801.jpg 470w, https:\/\/jennecken.de\/wp-content\/uploads\/2018\/05\/SSVHM_201801-211x300.jpg 211w\" sizes=\"auto, (max-width: 400px) 100vw, 400px\" \/><\/p>\n<p>Nach dem Sponsorenlauf 2015 m\u00f6chte der SSV N\u00fcmbrecht Handball wieder eine M\u00f6glichkeit bieten, als Verein auch einmal abseits des Handballspiels ein paar sch\u00f6ne Stunden miteinander zu verbringen. Daher hat sich der SSV-Vorstand eine <!--more-->besondere Form des Wandertags ausgedacht: Stattfinden wird der Tag am 9. Juni am Dorfgemeinschaftshaus in Marienberghausen. Dort befinden sich Start und Ziel und dort soll dann auch das Rahmenprogramm mit vielen Spielen, Speisen und Getr\u00e4nken bis in die Abendstunden stattfinden.<\/p>\n<p>Es wird aber nicht als komplette Gruppe um eine bestimmte Zeit losgewandert, sondern jeder kann die ausgewiesenen Strecken von vier oder acht Kilometern durch das M\u00e4rchental in der Zeit von 11 bis 16 Uhr wandern, wie er m\u00f6chte. Jeder Wanderer zahlt ein Startgeld von f\u00fcnf Euro. F\u00fcr jede &#8222;Spende&#8220; gibt es einen Getr\u00e4nke-Bon, der entweder am Getr\u00e4nkestand auf der l\u00e4ngeren Wander-Strecke oder sp\u00e4ter am Dorfgemeinschaftshaus eingel\u00f6st werden kann.<\/p>\n<p>Neben Getr\u00e4nkepavillon, Grillstation, Kaffee und Kuchen (ab 14 Uhr), Kinderschminken und einer H\u00fcpfburg werden dort noch einige weitere Spiele und Besch\u00e4ftigungen angeboten. Teil des Rahmenprogramms wird auch eine Team-Olympiade sein, bei der sich Teams aus je f\u00fcnf Personen an f\u00fcnf Spielstationen messen k\u00f6nnen.<\/p>\n","protected":false},"excerpt":{"rendered":"<p>Am 9. Juni werden die Handballer des SSV N\u00fcmbrecht einen \u201eWandertag\u201c mit allen Vereinsmitgliedern, Angeh\u00f6rigen, Freunden, Sponsoren und Fans, aber auch mit Nachbarvereinen veranstalten. Nach dem Sponsorenlauf 2015 m\u00f6chte der SSV N\u00fcmbrecht Handball wieder eine M\u00f6glichkeit bieten, als Verein auch einmal abseits des Handballspiels ein paar sch\u00f6ne Stunden miteinander zu verbringen. Daher hat sich der &hellip; <\/p>\n<p class=\"link-more\"><a href=\"https:\/\/jennecken.de\/?p=3940\" class=\"more-link\"><span class=\"screen-reader-text\">\u201eWandertag des SSV N\u00fcmbrecht Handball\u201c<\/span> weiterlesen<\/a><\/p>\n","protected":false},"author":1001002,"featured_media":0,"comment_status":"closed","ping_status":"closed","sticky":false,"template":"","format":"standard","meta":{"footnotes":""},"categories":[1],"tags":[159,72],"class_list":["post-3940","post","type-post","status-publish","format-standard","hentry","category-allgemein","tag-handball","tag-wandern"],"_links":{"self":[{"href":"https:\/\/jennecken.de\/index.php?rest_route=\/wp\/v2\/posts\/3940","targetHints":{"allow":["GET"]}}],"collection":[{"href":"https:\/\/jennecken.de\/index.php?rest_route=\/wp\/v2\/posts"}],"about":[{"href":"https:\/\/jennecken.de\/index.php?rest_route=\/wp\/v2\/types\/post"}],"author":[{"embeddable":true,"href":"https:\/\/jennecken.de\/index.php?rest_route=\/wp\/v2\/users\/1001002"}],"replies":[{"embeddable":true,"href":"https:\/\/jennecken.de\/index.php?rest_route=%2Fwp%2Fv2%2Fcomments&post=3940"}],"version-history":[{"count":3,"href":"https:\/\/jennecken.de\/index.php?rest_route=\/wp\/v2\/posts\/3940\/revisions"}],"predecessor-version":[{"id":4185,"href":"https:\/\/jennecken.de\/index.php?rest_route=\/wp\/v2\/posts\/3940\/revisions\/4185"}],"wp:attachment":[{"href":"https:\/\/jennecken.de\/index.php?rest_route=%2Fwp%2Fv2%2Fmedia&parent=3940"}],"wp:term":[{"taxonomy":"category","embeddable":true,"href":"https:\/\/jennecken.de\/index.php?rest_route=%2Fwp%2Fv2%2Fcategories&post=3940"},{"taxonomy":"post_tag","embeddable":true,"href":"https:\/\/jennecken.de\/index.php?rest_route=%2Fwp%2Fv2%2Ftags&post=3940"}],"curies":[{"name":"wp","href":"https:\/\/api.w.org\/{rel}","templated":true}]}}