{"id":3945,"date":"2018-06-12T16:00:36","date_gmt":"2018-06-12T14:00:36","guid":{"rendered":"http:\/\/jennecken.de\/?p=3945"},"modified":"2018-12-13T08:28:30","modified_gmt":"2018-12-13T07:28:30","slug":"dorffest-2018","status":"publish","type":"post","link":"https:\/\/jennecken.de\/?p=3945","title":{"rendered":"Dorffest 2018"},"content":{"rendered":"<p>Am kommenden Samstag, dem 16. Juni 2018, feieren wir unser Dorffest. Wie im letzten Jahr ist es geplant unterhalb des Dorfhauses das Zelt aufzubauen.<\/p>\n<p><img loading=\"lazy\" decoding=\"async\" class=\"aligncenter wp-image-3484\" src=\"https:\/\/jennecken.de\/wp-content\/uploads\/2017\/06\/Dorffest2017.jpg\" alt=\"\" width=\"1000\" height=\"563\" srcset=\"https:\/\/jennecken.de\/wp-content\/uploads\/2017\/06\/Dorffest2017.jpg 1600w, https:\/\/jennecken.de\/wp-content\/uploads\/2017\/06\/Dorffest2017-300x169.jpg 300w, https:\/\/jennecken.de\/wp-content\/uploads\/2017\/06\/Dorffest2017-768x432.jpg 768w, https:\/\/jennecken.de\/wp-content\/uploads\/2017\/06\/Dorffest2017-1024x576.jpg 1024w\" sizes=\"auto, (max-width: 767px) 89vw, (max-width: 1000px) 54vw, (max-width: 1071px) 543px, 580px\" \/><\/p>\n<p>Auf der Speisekarte stehen in diesem Jahr Spie\u00dfbraten, Grillw\u00fcrstchen mit Br\u00f6tchen, selbstgemachte Salate und wie angek\u00fcndigt erstmals ein etwas anderer Leckerbissen.<!--more--><br \/>\nJetzt hoffen wir, dass der Wettergott mitspielt und viele Jennecker, Freunde und Bekannte zum Fest erscheinen! Beim Auf- und Abbauen freuen wir uns nat\u00fcrlich \u00fcber jede helfende Hand!<\/p>\n<p>Hier der Zeitplan zum Dorffest 2018:<\/p>\n<p>Aufbauen:<br \/>\nFreitag, 15. Juni ab 17:00 Uhr und Samstag, 16. Juni ab 10:00 Uhr<\/p>\n<p>Dorffest:<br \/>\nSamstag, 16. Juni ab 17:00 Uhr<\/p>\n<p>Abbauen:<br \/>\nSonntag, 17. Juni ab 11:00 Uhr<\/p>\n","protected":false},"excerpt":{"rendered":"<p>Am kommenden Samstag, dem 16. Juni 2018, feieren wir unser Dorffest. Wie im letzten Jahr ist es geplant unterhalb des Dorfhauses das Zelt aufzubauen. Auf der Speisekarte stehen in diesem Jahr Spie\u00dfbraten, Grillw\u00fcrstchen mit Br\u00f6tchen, selbstgemachte Salate und wie angek\u00fcndigt erstmals ein etwas anderer Leckerbissen.<\/p>\n","protected":false},"author":1001002,"featured_media":0,"comment_status":"closed","ping_status":"closed","sticky":false,"template":"","format":"standard","meta":{"footnotes":""},"categories":[4,8],"tags":[],"class_list":["post-3945","post","type-post","status-publish","format-standard","hentry","category-neues-aus-jennecken","category-termine-und-einladungen"],"_links":{"self":[{"href":"https:\/\/jennecken.de\/index.php?rest_route=\/wp\/v2\/posts\/3945","targetHints":{"allow":["GET"]}}],"collection":[{"href":"https:\/\/jennecken.de\/index.php?rest_route=\/wp\/v2\/posts"}],"about":[{"href":"https:\/\/jennecken.de\/index.php?rest_route=\/wp\/v2\/types\/post"}],"author":[{"embeddable":true,"href":"https:\/\/jennecken.de\/index.php?rest_route=\/wp\/v2\/users\/1001002"}],"replies":[{"embeddable":true,"href":"https:\/\/jennecken.de\/index.php?rest_route=%2Fwp%2Fv2%2Fcomments&post=3945"}],"version-history":[{"count":6,"href":"https:\/\/jennecken.de\/index.php?rest_route=\/wp\/v2\/posts\/3945\/revisions"}],"predecessor-version":[{"id":4184,"href":"https:\/\/jennecken.de\/index.php?rest_route=\/wp\/v2\/posts\/3945\/revisions\/4184"}],"wp:attachment":[{"href":"https:\/\/jennecken.de\/index.php?rest_route=%2Fwp%2Fv2%2Fmedia&parent=3945"}],"wp:term":[{"taxonomy":"category","embeddable":true,"href":"https:\/\/jennecken.de\/index.php?rest_route=%2Fwp%2Fv2%2Fcategories&post=3945"},{"taxonomy":"post_tag","embeddable":true,"href":"https:\/\/jennecken.de\/index.php?rest_route=%2Fwp%2Fv2%2Ftags&post=3945"}],"curies":[{"name":"wp","href":"https:\/\/api.w.org\/{rel}","templated":true}]}}