{"id":3951,"date":"2018-06-13T21:51:10","date_gmt":"2018-06-13T19:51:10","guid":{"rendered":"http:\/\/jennecken.de\/?p=3951"},"modified":"2018-12-13T08:21:36","modified_gmt":"2018-12-13T07:21:36","slug":"fussball-wm-2018","status":"publish","type":"post","link":"https:\/\/jennecken.de\/?p=3951","title":{"rendered":"Fu\u00dfball WM 2018"},"content":{"rendered":"<p>Die Spiele unserer Nationalmannschaft bei der WM 2018 in Russland werden im Dorfhaus auf Gro\u00dfleinwand \u00fcbertragen. Die \u00dcbertragungen beginnen ca. 45 Minuten vor Spielbeginn.<span id=\"more-2891\"><\/span><\/p>\n<p><img loading=\"lazy\" decoding=\"async\" class=\"aligncenter wp-image-3959\" src=\"https:\/\/jennecken.de\/wp-content\/uploads\/2018\/06\/Fussball_WM.jpg\" alt=\"\" width=\"1000\" height=\"547\" srcset=\"https:\/\/jennecken.de\/wp-content\/uploads\/2018\/06\/Fussball_WM.jpg 1600w, https:\/\/jennecken.de\/wp-content\/uploads\/2018\/06\/Fussball_WM-300x164.jpg 300w, https:\/\/jennecken.de\/wp-content\/uploads\/2018\/06\/Fussball_WM-768x420.jpg 768w, https:\/\/jennecken.de\/wp-content\/uploads\/2018\/06\/Fussball_WM-1024x560.jpg 1024w\" sizes=\"auto, (max-width: 767px) 89vw, (max-width: 1000px) 54vw, (max-width: 1071px) 543px, 580px\" \/><\/p>\n<p>F\u00fcr Getr\u00e4nke ist gesorgt, der Eintritt ist frei! Wir freuen uns \u00fcber eine rege Teilnahme!<!--more--><\/p>\n<p>Hier die Ansto\u00dfzeiten unserer Vorrundenspiele:<\/p>\n<ul>\n<li>So. 17. Juni\u00a0 \u2013 17:00 Uhr: Deutschland \u2013 Mexiko<\/li>\n<li>Sa. 23. Juni \u2013 20:00 Uhr: Deutschland \u2013 Schweden<\/li>\n<li>Mi. 27. Juni \u2013 16:00 Uhr: S\u00fcdkorea \u2013 Deutschland<\/li>\n<\/ul>\n<p>Wie gewohnt, werden alle \u00dcbertragungstermine in unseren\u00a0<a href=\"https:\/\/jennecken.de\/?page_id=328\">Kalender\u00a0<\/a>eingetragen.<\/p>\n","protected":false},"excerpt":{"rendered":"<p>Die Spiele unserer Nationalmannschaft bei der WM 2018 in Russland werden im Dorfhaus auf Gro\u00dfleinwand \u00fcbertragen. Die \u00dcbertragungen beginnen ca. 45 Minuten vor Spielbeginn. F\u00fcr Getr\u00e4nke ist gesorgt, der Eintritt ist frei! Wir freuen uns \u00fcber eine rege Teilnahme!<\/p>\n","protected":false},"author":1001002,"featured_media":0,"comment_status":"closed","ping_status":"closed","sticky":false,"template":"","format":"standard","meta":{"footnotes":""},"categories":[4],"tags":[],"class_list":["post-3951","post","type-post","status-publish","format-standard","hentry","category-neues-aus-jennecken"],"_links":{"self":[{"href":"https:\/\/jennecken.de\/index.php?rest_route=\/wp\/v2\/posts\/3951","targetHints":{"allow":["GET"]}}],"collection":[{"href":"https:\/\/jennecken.de\/index.php?rest_route=\/wp\/v2\/posts"}],"about":[{"href":"https:\/\/jennecken.de\/index.php?rest_route=\/wp\/v2\/types\/post"}],"author":[{"embeddable":true,"href":"https:\/\/jennecken.de\/index.php?rest_route=\/wp\/v2\/users\/1001002"}],"replies":[{"embeddable":true,"href":"https:\/\/jennecken.de\/index.php?rest_route=%2Fwp%2Fv2%2Fcomments&post=3951"}],"version-history":[{"count":7,"href":"https:\/\/jennecken.de\/index.php?rest_route=\/wp\/v2\/posts\/3951\/revisions"}],"predecessor-version":[{"id":4174,"href":"https:\/\/jennecken.de\/index.php?rest_route=\/wp\/v2\/posts\/3951\/revisions\/4174"}],"wp:attachment":[{"href":"https:\/\/jennecken.de\/index.php?rest_route=%2Fwp%2Fv2%2Fmedia&parent=3951"}],"wp:term":[{"taxonomy":"category","embeddable":true,"href":"https:\/\/jennecken.de\/index.php?rest_route=%2Fwp%2Fv2%2Fcategories&post=3951"},{"taxonomy":"post_tag","embeddable":true,"href":"https:\/\/jennecken.de\/index.php?rest_route=%2Fwp%2Fv2%2Ftags&post=3951"}],"curies":[{"name":"wp","href":"https:\/\/api.w.org\/{rel}","templated":true}]}}