{"id":3999,"date":"2018-07-26T15:35:18","date_gmt":"2018-07-26T13:35:18","guid":{"rendered":"http:\/\/jennecken.de\/?p=3999"},"modified":"2018-12-13T08:16:55","modified_gmt":"2018-12-13T07:16:55","slug":"sperrung-der-uelpestrasse","status":"publish","type":"post","link":"https:\/\/jennecken.de\/?p=3999","title":{"rendered":"Sperrung der Uelpestra\u00dfe"},"content":{"rendered":"<p>Am Montag, den 30. Juli 2018, zwischen 08.30 Uhr und 16.00 Uhr wird die L321 im Bereich der Ortschaft Dahl wegen Filmaufnahmen f\u00fcr den Verkehr gesperrt.<\/p>\n<figure id=\"attachment_4001\" aria-describedby=\"caption-attachment-4001\" style=\"width: 904px\" class=\"wp-caption aligncenter\"><img loading=\"lazy\" decoding=\"async\" class=\"wp-image-4001 size-full\" src=\"https:\/\/jennecken.de\/wp-content\/uploads\/2018\/07\/absperrung.jpg\" alt=\"\" width=\"904\" height=\"435\" srcset=\"https:\/\/jennecken.de\/wp-content\/uploads\/2018\/07\/absperrung.jpg 904w, https:\/\/jennecken.de\/wp-content\/uploads\/2018\/07\/absperrung-300x144.jpg 300w, https:\/\/jennecken.de\/wp-content\/uploads\/2018\/07\/absperrung-768x370.jpg 768w\" sizes=\"auto, (max-width: 767px) 89vw, (max-width: 1000px) 54vw, (max-width: 1071px) 543px, 580px\" \/><figcaption id=\"caption-attachment-4001\" class=\"wp-caption-text\">Quelle: www.drabenderhoehe.de<\/figcaption><\/figure>\n<p>Eine Umleitung f\u00fchrt \u00fcber die K40 \u2013 Hillerscheid und L338 nach Drabenderh\u00f6he und umgekehrt in Richtung Bielstein. Der Busverkehr ist von der Sperrung nicht betroffen; alle Haltestellen der Linie 319 werden wie gewohnt angefahren.<\/p>\n<p>Die Ortschaften Dahl und Immen bleiben w\u00e4hrend der Sperrung \u00fcber die L321 erreichbar.<\/p>\n<p>Quelle: www.drabenderhoehe.de<\/p>\n","protected":false},"excerpt":{"rendered":"<p>Am Montag, den 30. Juli 2018, zwischen 08.30 Uhr und 16.00 Uhr wird die L321 im Bereich der Ortschaft Dahl wegen Filmaufnahmen f\u00fcr den Verkehr gesperrt. Eine Umleitung f\u00fchrt \u00fcber die K40 \u2013 Hillerscheid und L338 nach Drabenderh\u00f6he und umgekehrt in Richtung Bielstein. Der Busverkehr ist von der Sperrung nicht betroffen; alle Haltestellen der Linie &hellip; <\/p>\n<p class=\"link-more\"><a href=\"https:\/\/jennecken.de\/?p=3999\" class=\"more-link\"><span class=\"screen-reader-text\">\u201eSperrung der Uelpestra\u00dfe\u201c<\/span> weiterlesen<\/a><\/p>\n","protected":false},"author":1001002,"featured_media":0,"comment_status":"closed","ping_status":"closed","sticky":false,"template":"","format":"standard","meta":{"footnotes":""},"categories":[1],"tags":[161,162],"class_list":["post-3999","post","type-post","status-publish","format-standard","hentry","category-allgemein","tag-baustelle","tag-sperrung"],"_links":{"self":[{"href":"https:\/\/jennecken.de\/index.php?rest_route=\/wp\/v2\/posts\/3999","targetHints":{"allow":["GET"]}}],"collection":[{"href":"https:\/\/jennecken.de\/index.php?rest_route=\/wp\/v2\/posts"}],"about":[{"href":"https:\/\/jennecken.de\/index.php?rest_route=\/wp\/v2\/types\/post"}],"author":[{"embeddable":true,"href":"https:\/\/jennecken.de\/index.php?rest_route=\/wp\/v2\/users\/1001002"}],"replies":[{"embeddable":true,"href":"https:\/\/jennecken.de\/index.php?rest_route=%2Fwp%2Fv2%2Fcomments&post=3999"}],"version-history":[{"count":5,"href":"https:\/\/jennecken.de\/index.php?rest_route=\/wp\/v2\/posts\/3999\/revisions"}],"predecessor-version":[{"id":4162,"href":"https:\/\/jennecken.de\/index.php?rest_route=\/wp\/v2\/posts\/3999\/revisions\/4162"}],"wp:attachment":[{"href":"https:\/\/jennecken.de\/index.php?rest_route=%2Fwp%2Fv2%2Fmedia&parent=3999"}],"wp:term":[{"taxonomy":"category","embeddable":true,"href":"https:\/\/jennecken.de\/index.php?rest_route=%2Fwp%2Fv2%2Fcategories&post=3999"},{"taxonomy":"post_tag","embeddable":true,"href":"https:\/\/jennecken.de\/index.php?rest_route=%2Fwp%2Fv2%2Ftags&post=3999"}],"curies":[{"name":"wp","href":"https:\/\/api.w.org\/{rel}","templated":true}]}}