{"id":4012,"date":"2018-08-22T08:31:48","date_gmt":"2018-08-22T06:31:48","guid":{"rendered":"http:\/\/jennecken.de\/?p=4012"},"modified":"2018-12-13T08:23:48","modified_gmt":"2018-12-13T07:23:48","slug":"infos-zum-erntewagenbau","status":"publish","type":"post","link":"https:\/\/jennecken.de\/?p=4012","title":{"rendered":"Info&#8217;s zum Erntewagenbau"},"content":{"rendered":"<p>Am Samstag, dem 1. September, treffen wir uns um 11:00 Uhr zum Aufbau des Vorzeltes und zu weiteren Vorbereitungen am Dorfhaus. In der Woche vom 3. bis 7. September finden die Treffen zum Erntewagenbau jeweils ab 17:00 Uhr statt.<\/p>\n<p><img loading=\"lazy\" decoding=\"async\" class=\"aligncenter wp-image-3622 size-full\" src=\"https:\/\/jennecken.de\/wp-content\/uploads\/2017\/08\/Erntewagen2016_02-1.jpg\" alt=\"\" width=\"1000\" height=\"562\" srcset=\"https:\/\/jennecken.de\/wp-content\/uploads\/2017\/08\/Erntewagen2016_02-1.jpg 1000w, https:\/\/jennecken.de\/wp-content\/uploads\/2017\/08\/Erntewagen2016_02-1-300x169.jpg 300w, https:\/\/jennecken.de\/wp-content\/uploads\/2017\/08\/Erntewagen2016_02-1-768x432.jpg 768w\" sizes=\"auto, (max-width: 767px) 89vw, (max-width: 1000px) 54vw, (max-width: 1071px) 543px, 580px\" \/><\/p>\n<p>Alle Jennecker sind herzlich eingeladen sich am Bau unseres Erntewagens zu beteiligen! F\u00fcr ausreichende St\u00e4rkung ist nat\u00fcrlich gesorgt.<\/p>\n<p>Das Erntefest mit Umzug findet dieses Jahr am Wochenende 8. und 9.September statt.<\/p>\n","protected":false},"excerpt":{"rendered":"<p>Am Samstag, dem 1. September, treffen wir uns um 11:00 Uhr zum Aufbau des Vorzeltes und zu weiteren Vorbereitungen am Dorfhaus. In der Woche vom 3. bis 7. September finden die Treffen zum Erntewagenbau jeweils ab 17:00 Uhr statt. Alle Jennecker sind herzlich eingeladen sich am Bau unseres Erntewagens zu beteiligen! F\u00fcr ausreichende St\u00e4rkung ist &hellip; <\/p>\n<p class=\"link-more\"><a href=\"https:\/\/jennecken.de\/?p=4012\" class=\"more-link\"><span class=\"screen-reader-text\">\u201eInfo&#8217;s zum Erntewagenbau\u201c<\/span> weiterlesen<\/a><\/p>\n","protected":false},"author":1001002,"featured_media":0,"comment_status":"closed","ping_status":"closed","sticky":false,"template":"","format":"standard","meta":{"footnotes":""},"categories":[4,8],"tags":[46,104],"class_list":["post-4012","post","type-post","status-publish","format-standard","hentry","category-neues-aus-jennecken","category-termine-und-einladungen","tag-erntedankfest","tag-erntewagen"],"_links":{"self":[{"href":"https:\/\/jennecken.de\/index.php?rest_route=\/wp\/v2\/posts\/4012","targetHints":{"allow":["GET"]}}],"collection":[{"href":"https:\/\/jennecken.de\/index.php?rest_route=\/wp\/v2\/posts"}],"about":[{"href":"https:\/\/jennecken.de\/index.php?rest_route=\/wp\/v2\/types\/post"}],"author":[{"embeddable":true,"href":"https:\/\/jennecken.de\/index.php?rest_route=\/wp\/v2\/users\/1001002"}],"replies":[{"embeddable":true,"href":"https:\/\/jennecken.de\/index.php?rest_route=%2Fwp%2Fv2%2Fcomments&post=4012"}],"version-history":[{"count":3,"href":"https:\/\/jennecken.de\/index.php?rest_route=\/wp\/v2\/posts\/4012\/revisions"}],"predecessor-version":[{"id":4180,"href":"https:\/\/jennecken.de\/index.php?rest_route=\/wp\/v2\/posts\/4012\/revisions\/4180"}],"wp:attachment":[{"href":"https:\/\/jennecken.de\/index.php?rest_route=%2Fwp%2Fv2%2Fmedia&parent=4012"}],"wp:term":[{"taxonomy":"category","embeddable":true,"href":"https:\/\/jennecken.de\/index.php?rest_route=%2Fwp%2Fv2%2Fcategories&post=4012"},{"taxonomy":"post_tag","embeddable":true,"href":"https:\/\/jennecken.de\/index.php?rest_route=%2Fwp%2Fv2%2Ftags&post=4012"}],"curies":[{"name":"wp","href":"https:\/\/api.w.org\/{rel}","templated":true}]}}