{"id":4074,"date":"2018-10-23T08:26:25","date_gmt":"2018-10-23T06:26:25","guid":{"rendered":"http:\/\/jennecken.de\/?p=4074"},"modified":"2018-12-13T08:11:18","modified_gmt":"2018-12-13T07:11:18","slug":"oktoberfest-gut-besucht","status":"publish","type":"post","link":"https:\/\/jennecken.de\/?p=4074","title":{"rendered":"Oktoberfest gut besucht"},"content":{"rendered":"<p>Am Samstag, dem 20. Oktober, feierten wir unser Jennecker Oktoberfest. 30 Personen hatten sich im Vorfeld f\u00fcr das bayerische Men\u00fc angemeldet, einige kamen einfach auf ein Bier vorbei.<\/p>\n<p><img loading=\"lazy\" decoding=\"async\" class=\"aligncenter wp-image-4077\" src=\"https:\/\/jennecken.de\/wp-content\/uploads\/2018\/10\/Oktoberfest2018.jpg\" alt=\"\" width=\"1000\" height=\"515\" srcset=\"https:\/\/jennecken.de\/wp-content\/uploads\/2018\/10\/Oktoberfest2018.jpg 1888w, https:\/\/jennecken.de\/wp-content\/uploads\/2018\/10\/Oktoberfest2018-300x155.jpg 300w, https:\/\/jennecken.de\/wp-content\/uploads\/2018\/10\/Oktoberfest2018-768x396.jpg 768w, https:\/\/jennecken.de\/wp-content\/uploads\/2018\/10\/Oktoberfest2018-1024x528.jpg 1024w\" sizes=\"auto, (max-width: 767px) 89vw, (max-width: 1000px) 54vw, (max-width: 1071px) 543px, 580px\" \/><\/p>\n<p>Gute und ausgelassene Stimmung beim Jennecker Oktoberfest. Den Besuchern hat&#8217;s gefallen, so dass wir uns schon auf das n\u00e4chste Jahr, mit hoffentlich noch mehr G\u00e4sten, freuen k\u00f6nnen.<br \/>\nEin paar Bilder findet Ihr in unserem Foltoalbum <a href=\"https:\/\/photos.google.com\/share\/AF1QipNsXf-A4f91BsLDCXr8km0JxNOQhmr8gD2i53a0_ltpAWyZFeBFFyhTU8mL-TK4gQ?key=NDNSbEtnUllTR3VVT3A1Q2xDU2c2OE0zWTN2R1V3\" target=\"_blank\" rel=\"noopener\">&#8230;hier\u00bb<\/a>.<\/p>\n","protected":false},"excerpt":{"rendered":"<p>Am Samstag, dem 20. Oktober, feierten wir unser Jennecker Oktoberfest. 30 Personen hatten sich im Vorfeld f\u00fcr das bayerische Men\u00fc angemeldet, einige kamen einfach auf ein Bier vorbei. Gute und ausgelassene Stimmung beim Jennecker Oktoberfest. Den Besuchern hat&#8217;s gefallen, so dass wir uns schon auf das n\u00e4chste Jahr, mit hoffentlich noch mehr G\u00e4sten, freuen k\u00f6nnen. &hellip; <\/p>\n<p class=\"link-more\"><a href=\"https:\/\/jennecken.de\/?p=4074\" class=\"more-link\"><span class=\"screen-reader-text\">\u201eOktoberfest gut besucht\u201c<\/span> weiterlesen<\/a><\/p>\n","protected":false},"author":1001002,"featured_media":0,"comment_status":"closed","ping_status":"closed","sticky":false,"template":"","format":"standard","meta":{"footnotes":""},"categories":[142,4],"tags":[115],"class_list":["post-4074","post","type-post","status-publish","format-standard","hentry","category-bilder","category-neues-aus-jennecken","tag-oktoberfest"],"_links":{"self":[{"href":"https:\/\/jennecken.de\/index.php?rest_route=\/wp\/v2\/posts\/4074","targetHints":{"allow":["GET"]}}],"collection":[{"href":"https:\/\/jennecken.de\/index.php?rest_route=\/wp\/v2\/posts"}],"about":[{"href":"https:\/\/jennecken.de\/index.php?rest_route=\/wp\/v2\/types\/post"}],"author":[{"embeddable":true,"href":"https:\/\/jennecken.de\/index.php?rest_route=\/wp\/v2\/users\/1001002"}],"replies":[{"embeddable":true,"href":"https:\/\/jennecken.de\/index.php?rest_route=%2Fwp%2Fv2%2Fcomments&post=4074"}],"version-history":[{"count":7,"href":"https:\/\/jennecken.de\/index.php?rest_route=\/wp\/v2\/posts\/4074\/revisions"}],"predecessor-version":[{"id":4154,"href":"https:\/\/jennecken.de\/index.php?rest_route=\/wp\/v2\/posts\/4074\/revisions\/4154"}],"wp:attachment":[{"href":"https:\/\/jennecken.de\/index.php?rest_route=%2Fwp%2Fv2%2Fmedia&parent=4074"}],"wp:term":[{"taxonomy":"category","embeddable":true,"href":"https:\/\/jennecken.de\/index.php?rest_route=%2Fwp%2Fv2%2Fcategories&post=4074"},{"taxonomy":"post_tag","embeddable":true,"href":"https:\/\/jennecken.de\/index.php?rest_route=%2Fwp%2Fv2%2Ftags&post=4074"}],"curies":[{"name":"wp","href":"https:\/\/api.w.org\/{rel}","templated":true}]}}