{"id":4083,"date":"2018-10-29T11:27:45","date_gmt":"2018-10-29T10:27:45","guid":{"rendered":"http:\/\/jennecken.de\/?p=4083"},"modified":"2018-12-13T08:12:18","modified_gmt":"2018-12-13T07:12:18","slug":"jennecker-martinsfeuer-2","status":"publish","type":"post","link":"https:\/\/jennecken.de\/?p=4083","title":{"rendered":"Jennecker Martinsfeuer"},"content":{"rendered":"<p>Am Freitag, dem 9. November 2018 um 18:00 Uhr, wird unterhalb des Dorfhauses traditionell das Jennecker Martinsfeuer entz\u00fcndet.<\/p>\n<p><img loading=\"lazy\" decoding=\"async\" class=\"aligncenter wp-image-4082 size-full\" src=\"https:\/\/jennecken.de\/wp-content\/uploads\/2018\/10\/Martinsfeuer2018.jpg\" alt=\"\" width=\"752\" height=\"330\" srcset=\"https:\/\/jennecken.de\/wp-content\/uploads\/2018\/10\/Martinsfeuer2018.jpg 752w, https:\/\/jennecken.de\/wp-content\/uploads\/2018\/10\/Martinsfeuer2018-300x132.jpg 300w\" sizes=\"auto, (max-width: 706px) 89vw, (max-width: 767px) 82vw, 740px\" \/><\/p>\n<p>Es werden unter anderem Gl\u00fchwein, Kinderpunsch und W\u00fcrstchen angeboten! \u00dcber ein zahlreiches Erscheinen von Gro\u00df und Klein w\u00fcrden wir uns sehr freuen!<\/p>\n","protected":false},"excerpt":{"rendered":"<p>Am Freitag, dem 9. November 2018 um 18:00 Uhr, wird unterhalb des Dorfhauses traditionell das Jennecker Martinsfeuer entz\u00fcndet. Es werden unter anderem Gl\u00fchwein, Kinderpunsch und W\u00fcrstchen angeboten! \u00dcber ein zahlreiches Erscheinen von Gro\u00df und Klein w\u00fcrden wir uns sehr freuen!<\/p>\n","protected":false},"author":1001002,"featured_media":0,"comment_status":"closed","ping_status":"closed","sticky":false,"template":"","format":"standard","meta":{"footnotes":""},"categories":[4,8],"tags":[52],"class_list":["post-4083","post","type-post","status-publish","format-standard","hentry","category-neues-aus-jennecken","category-termine-und-einladungen","tag-martinsfeuer"],"_links":{"self":[{"href":"https:\/\/jennecken.de\/index.php?rest_route=\/wp\/v2\/posts\/4083","targetHints":{"allow":["GET"]}}],"collection":[{"href":"https:\/\/jennecken.de\/index.php?rest_route=\/wp\/v2\/posts"}],"about":[{"href":"https:\/\/jennecken.de\/index.php?rest_route=\/wp\/v2\/types\/post"}],"author":[{"embeddable":true,"href":"https:\/\/jennecken.de\/index.php?rest_route=\/wp\/v2\/users\/1001002"}],"replies":[{"embeddable":true,"href":"https:\/\/jennecken.de\/index.php?rest_route=%2Fwp%2Fv2%2Fcomments&post=4083"}],"version-history":[{"count":5,"href":"https:\/\/jennecken.de\/index.php?rest_route=\/wp\/v2\/posts\/4083\/revisions"}],"predecessor-version":[{"id":4155,"href":"https:\/\/jennecken.de\/index.php?rest_route=\/wp\/v2\/posts\/4083\/revisions\/4155"}],"wp:attachment":[{"href":"https:\/\/jennecken.de\/index.php?rest_route=%2Fwp%2Fv2%2Fmedia&parent=4083"}],"wp:term":[{"taxonomy":"category","embeddable":true,"href":"https:\/\/jennecken.de\/index.php?rest_route=%2Fwp%2Fv2%2Fcategories&post=4083"},{"taxonomy":"post_tag","embeddable":true,"href":"https:\/\/jennecken.de\/index.php?rest_route=%2Fwp%2Fv2%2Ftags&post=4083"}],"curies":[{"name":"wp","href":"https:\/\/api.w.org\/{rel}","templated":true}]}}