{"id":4091,"date":"2018-11-11T19:25:01","date_gmt":"2018-11-11T18:25:01","guid":{"rendered":"http:\/\/jennecken.de\/?p=4091"},"modified":"2018-12-13T08:12:55","modified_gmt":"2018-12-13T07:12:55","slug":"aufstellen-des-weihnachtsbaums-2","status":"publish","type":"post","link":"https:\/\/jennecken.de\/?p=4091","title":{"rendered":"Aufstellen des Weihnachtsbaums"},"content":{"rendered":"<p>Auch in diesem Jahr wollen wir auf unserem Spielplatz wieder einen Weihnachtsbaum aufstellen. Dazu treffen wir uns am Samstag, dem 24. November um 15:00 Uhr.<\/p>\n<p><img loading=\"lazy\" decoding=\"async\" class=\"aligncenter wp-image-4089 size-full\" src=\"https:\/\/jennecken.de\/wp-content\/uploads\/2018\/11\/Weihnachtsbaum2017_2.jpg\" alt=\"\" width=\"1001\" height=\"889\" srcset=\"https:\/\/jennecken.de\/wp-content\/uploads\/2018\/11\/Weihnachtsbaum2017_2.jpg 1001w, https:\/\/jennecken.de\/wp-content\/uploads\/2018\/11\/Weihnachtsbaum2017_2-300x266.jpg 300w, https:\/\/jennecken.de\/wp-content\/uploads\/2018\/11\/Weihnachtsbaum2017_2-768x682.jpg 768w\" sizes=\"auto, (max-width: 767px) 89vw, (max-width: 1000px) 54vw, (max-width: 1071px) 543px, 580px\" \/><\/p>\n<p>Alle Jennecker sind herzlich eingeladen!<br \/>\nNach Abschluss der Arbeit m\u00f6chten wir bei Gl\u00fchwein und Kinderpunsch unseren sch\u00f6nen Weihnachtsbaum zum Leuchten bringen.<\/p>\n","protected":false},"excerpt":{"rendered":"<p>Auch in diesem Jahr wollen wir auf unserem Spielplatz wieder einen Weihnachtsbaum aufstellen. Dazu treffen wir uns am Samstag, dem 24. November um 15:00 Uhr. Alle Jennecker sind herzlich eingeladen! Nach Abschluss der Arbeit m\u00f6chten wir bei Gl\u00fchwein und Kinderpunsch unseren sch\u00f6nen Weihnachtsbaum zum Leuchten bringen.<\/p>\n","protected":false},"author":1001002,"featured_media":0,"comment_status":"closed","ping_status":"closed","sticky":false,"template":"","format":"standard","meta":{"footnotes":""},"categories":[4,8],"tags":[121,123],"class_list":["post-4091","post","type-post","status-publish","format-standard","hentry","category-neues-aus-jennecken","category-termine-und-einladungen","tag-weihnachten","tag-weihnachtsbaum"],"_links":{"self":[{"href":"https:\/\/jennecken.de\/index.php?rest_route=\/wp\/v2\/posts\/4091","targetHints":{"allow":["GET"]}}],"collection":[{"href":"https:\/\/jennecken.de\/index.php?rest_route=\/wp\/v2\/posts"}],"about":[{"href":"https:\/\/jennecken.de\/index.php?rest_route=\/wp\/v2\/types\/post"}],"author":[{"embeddable":true,"href":"https:\/\/jennecken.de\/index.php?rest_route=\/wp\/v2\/users\/1001002"}],"replies":[{"embeddable":true,"href":"https:\/\/jennecken.de\/index.php?rest_route=%2Fwp%2Fv2%2Fcomments&post=4091"}],"version-history":[{"count":2,"href":"https:\/\/jennecken.de\/index.php?rest_route=\/wp\/v2\/posts\/4091\/revisions"}],"predecessor-version":[{"id":4156,"href":"https:\/\/jennecken.de\/index.php?rest_route=\/wp\/v2\/posts\/4091\/revisions\/4156"}],"wp:attachment":[{"href":"https:\/\/jennecken.de\/index.php?rest_route=%2Fwp%2Fv2%2Fmedia&parent=4091"}],"wp:term":[{"taxonomy":"category","embeddable":true,"href":"https:\/\/jennecken.de\/index.php?rest_route=%2Fwp%2Fv2%2Fcategories&post=4091"},{"taxonomy":"post_tag","embeddable":true,"href":"https:\/\/jennecken.de\/index.php?rest_route=%2Fwp%2Fv2%2Ftags&post=4091"}],"curies":[{"name":"wp","href":"https:\/\/api.w.org\/{rel}","templated":true}]}}