{"id":4257,"date":"2019-01-18T09:02:50","date_gmt":"2019-01-18T08:02:50","guid":{"rendered":"http:\/\/jennecken.de\/?p=4257"},"modified":"2019-01-18T09:11:35","modified_gmt":"2019-01-18T08:11:35","slug":"termine-2019","status":"publish","type":"post","link":"https:\/\/jennecken.de\/?p=4257","title":{"rendered":"Termine 2019"},"content":{"rendered":"\n<p>Hier eine \u00dcbersicht \u00fcber die geplanten Termine und Aktivit\u00e4ten f\u00fcr 2019.  Eventuelle \u00c4nderungen und Verschiebungen, sowie die genauen  Anfangszeiten werden rechtzeitig bekannt gegeben. <\/p>\n\n\n\n<figure class=\"wp-block-image\"><img loading=\"lazy\" decoding=\"async\" width=\"1024\" height=\"459\" src=\"https:\/\/jennecken.de\/wp-content\/uploads\/2017\/01\/Termine-1024x459.jpg\" alt=\"\" class=\"wp-image-3296\" srcset=\"https:\/\/jennecken.de\/wp-content\/uploads\/2017\/01\/Termine-1024x459.jpg 1024w, https:\/\/jennecken.de\/wp-content\/uploads\/2017\/01\/Termine-300x134.jpg 300w, https:\/\/jennecken.de\/wp-content\/uploads\/2017\/01\/Termine-768x344.jpg 768w, https:\/\/jennecken.de\/wp-content\/uploads\/2017\/01\/Termine.jpg 1400w\" sizes=\"auto, (max-width: 767px) 89vw, (max-width: 1000px) 54vw, (max-width: 1071px) 543px, 580px\" \/><\/figure>\n\n\n\n<p><p>Alle Termine findet Ihr wie gewohnt in unserem <a href=\"https:\/\/jennecken.de\/?page_id=328\">Kalender<\/a>, oder rechtzeitig als Infozettel in Eurem Briefkasten. <\/p> <!--more--><\/p>\n\n\n\n\n\n<table class=\"wp-block-table\"><tbody><tr><td>13. Februar<\/td><td>Jahreshauptversammlung<\/td><\/tr><tr><td>06. April<\/td><td>Aktionstag &#8222;Saubere Landschaft&#8220;<\/td><\/tr><tr><td>01. Mai<\/td><td>Maiblasen<\/td><\/tr><tr><td>29. Juni<\/td><td>Dorffest<\/td><\/tr><tr><td>02. &#8211; 07. September<\/td><td>Erntewagenbau<\/td><\/tr><tr><td>08. September<\/td><td>Umzug Erntefest<\/td><\/tr><tr><td>26. Oktober<\/td><td>Oktoberfest<\/td><\/tr><tr><td>08. November<\/td><td>Martinsfeuer<\/td><\/tr><tr><td>23. November<\/td><td>Aufstellen des Weihnachtsbaums<\/td><\/tr><\/tbody><\/table>\n","protected":false},"excerpt":{"rendered":"<p>Hier eine \u00dcbersicht \u00fcber die geplanten Termine und Aktivit\u00e4ten f\u00fcr 2019. Eventuelle \u00c4nderungen und Verschiebungen, sowie die genauen Anfangszeiten werden rechtzeitig bekannt gegeben. Alle Termine findet Ihr wie gewohnt in unserem Kalender, oder rechtzeitig als Infozettel in Eurem Briefkasten.<\/p>\n","protected":false},"author":1001002,"featured_media":0,"comment_status":"closed","ping_status":"closed","sticky":false,"template":"","format":"standard","meta":{"footnotes":""},"categories":[153,4],"tags":[],"class_list":["post-4257","post","type-post","status-publish","format-standard","hentry","category-allgemeine-info","category-neues-aus-jennecken"],"_links":{"self":[{"href":"https:\/\/jennecken.de\/index.php?rest_route=\/wp\/v2\/posts\/4257","targetHints":{"allow":["GET"]}}],"collection":[{"href":"https:\/\/jennecken.de\/index.php?rest_route=\/wp\/v2\/posts"}],"about":[{"href":"https:\/\/jennecken.de\/index.php?rest_route=\/wp\/v2\/types\/post"}],"author":[{"embeddable":true,"href":"https:\/\/jennecken.de\/index.php?rest_route=\/wp\/v2\/users\/1001002"}],"replies":[{"embeddable":true,"href":"https:\/\/jennecken.de\/index.php?rest_route=%2Fwp%2Fv2%2Fcomments&post=4257"}],"version-history":[{"count":5,"href":"https:\/\/jennecken.de\/index.php?rest_route=\/wp\/v2\/posts\/4257\/revisions"}],"predecessor-version":[{"id":4273,"href":"https:\/\/jennecken.de\/index.php?rest_route=\/wp\/v2\/posts\/4257\/revisions\/4273"}],"wp:attachment":[{"href":"https:\/\/jennecken.de\/index.php?rest_route=%2Fwp%2Fv2%2Fmedia&parent=4257"}],"wp:term":[{"taxonomy":"category","embeddable":true,"href":"https:\/\/jennecken.de\/index.php?rest_route=%2Fwp%2Fv2%2Fcategories&post=4257"},{"taxonomy":"post_tag","embeddable":true,"href":"https:\/\/jennecken.de\/index.php?rest_route=%2Fwp%2Fv2%2Ftags&post=4257"}],"curies":[{"name":"wp","href":"https:\/\/api.w.org\/{rel}","templated":true}]}}