{"id":4269,"date":"2019-01-28T13:34:20","date_gmt":"2019-01-28T12:34:20","guid":{"rendered":"http:\/\/jennecken.de\/?p=4269"},"modified":"2019-01-28T13:34:20","modified_gmt":"2019-01-28T12:34:20","slug":"einladung-zur-jahreshauptversammlung-3","status":"publish","type":"post","link":"https:\/\/jennecken.de\/?p=4269","title":{"rendered":"Einladung zur Jahreshauptversammlung"},"content":{"rendered":"\n<p>Wir m\u00f6chten alle Jennecker und Vereinsmitglieder recht herzlich zur  diesj\u00e4hrigen Jahreshauptversammlung, am Mittwoch, dem 13. Februar 2019 um  19:30 Uhr, ins Dorfgemeinschaftshaus einladen. <\/p>\n\n\n\n<figure class=\"wp-block-image\"><img loading=\"lazy\" decoding=\"async\" width=\"1024\" height=\"411\" src=\"https:\/\/jennecken.de\/wp-content\/uploads\/2019\/01\/Einl_JHV-1024x411.jpg\" alt=\"\" class=\"wp-image-4268\" srcset=\"https:\/\/jennecken.de\/wp-content\/uploads\/2019\/01\/Einl_JHV-1024x411.jpg 1024w, https:\/\/jennecken.de\/wp-content\/uploads\/2019\/01\/Einl_JHV-300x121.jpg 300w, https:\/\/jennecken.de\/wp-content\/uploads\/2019\/01\/Einl_JHV-768x309.jpg 768w, https:\/\/jennecken.de\/wp-content\/uploads\/2019\/01\/Einl_JHV.jpg 1120w\" sizes=\"auto, (max-width: 767px) 89vw, (max-width: 1000px) 54vw, (max-width: 1071px) 543px, 580px\" \/><\/figure>\n\n\n\n<p>Stimmberechtigt sind nat\u00fcrlich nur Vereinsmitglieder, aber vielleicht  hat auch jemand Interesse, der noch kein Mitglied ist und das gerne  werden m\u00f6chte. Es w\u00e4re sch\u00f6n, wenn Ihr der Einladung folgt und damit Euer Interesse an Eurem Dorf und unserer Vorstandsarbeit bekundet!  <\/p>\n\n\n\n<!--more-->\n\n\n\n<p>Tagesordnung:<\/p>\n\n\n\n<ol class=\"wp-block-list\"><li>Begr\u00fc\u00dfung und Er\u00f6ffnung<\/li><li>Feststellung der ordnungsgem\u00e4\u00dfen Einladung und der Beschlussf\u00e4higkeit der Versammlung<\/li><li>Jahresr\u00fcckblick 2018<\/li><li>Kassenbericht f\u00fcr das Jahr 2018<\/li><li>Bericht der Kassenpr\u00fcfer<\/li><li>Entlastung des Gesamtvorstands<\/li><li>Haushaltsplanung und Verabschiedung Haushalt 2019<\/li><li>Neuwahl des Gesamtvorstands<\/li><li>Neuwahl eines Kassenpr\u00fcfers<\/li><li>Verschiedenes<ul><li>Pachtvertrag Weiher<\/li><li>Spielplatz &#8211; Vertrag mit der Stadt Wiehl<\/li><li>Eure Themen<\/li><\/ul><\/li><\/ol>\n\n\n\n<p>Die Einladung an alle Mitglieder erfolgt satzungsgem\u00e4\u00df auch schriftlich. <\/p>\n","protected":false},"excerpt":{"rendered":"<p>Wir m\u00f6chten alle Jennecker und Vereinsmitglieder recht herzlich zur diesj\u00e4hrigen Jahreshauptversammlung, am Mittwoch, dem 13. Februar 2019 um 19:30 Uhr, ins Dorfgemeinschaftshaus einladen. Stimmberechtigt sind nat\u00fcrlich nur Vereinsmitglieder, aber vielleicht hat auch jemand Interesse, der noch kein Mitglied ist und das gerne werden m\u00f6chte. Es w\u00e4re sch\u00f6n, wenn Ihr der Einladung folgt und damit Euer &hellip; <\/p>\n<p class=\"link-more\"><a href=\"https:\/\/jennecken.de\/?p=4269\" class=\"more-link\"><span class=\"screen-reader-text\">\u201eEinladung zur Jahreshauptversammlung\u201c<\/span> weiterlesen<\/a><\/p>\n","protected":false},"author":1001002,"featured_media":0,"comment_status":"closed","ping_status":"closed","sticky":false,"template":"","format":"standard","meta":{"footnotes":""},"categories":[4,8],"tags":[65,167],"class_list":["post-4269","post","type-post","status-publish","format-standard","hentry","category-neues-aus-jennecken","category-termine-und-einladungen","tag-jahreshauptversammlung","tag-jhv"],"_links":{"self":[{"href":"https:\/\/jennecken.de\/index.php?rest_route=\/wp\/v2\/posts\/4269","targetHints":{"allow":["GET"]}}],"collection":[{"href":"https:\/\/jennecken.de\/index.php?rest_route=\/wp\/v2\/posts"}],"about":[{"href":"https:\/\/jennecken.de\/index.php?rest_route=\/wp\/v2\/types\/post"}],"author":[{"embeddable":true,"href":"https:\/\/jennecken.de\/index.php?rest_route=\/wp\/v2\/users\/1001002"}],"replies":[{"embeddable":true,"href":"https:\/\/jennecken.de\/index.php?rest_route=%2Fwp%2Fv2%2Fcomments&post=4269"}],"version-history":[{"count":5,"href":"https:\/\/jennecken.de\/index.php?rest_route=\/wp\/v2\/posts\/4269\/revisions"}],"predecessor-version":[{"id":4275,"href":"https:\/\/jennecken.de\/index.php?rest_route=\/wp\/v2\/posts\/4269\/revisions\/4275"}],"wp:attachment":[{"href":"https:\/\/jennecken.de\/index.php?rest_route=%2Fwp%2Fv2%2Fmedia&parent=4269"}],"wp:term":[{"taxonomy":"category","embeddable":true,"href":"https:\/\/jennecken.de\/index.php?rest_route=%2Fwp%2Fv2%2Fcategories&post=4269"},{"taxonomy":"post_tag","embeddable":true,"href":"https:\/\/jennecken.de\/index.php?rest_route=%2Fwp%2Fv2%2Ftags&post=4269"}],"curies":[{"name":"wp","href":"https:\/\/api.w.org\/{rel}","templated":true}]}}