{"id":4304,"date":"2019-03-14T19:42:08","date_gmt":"2019-03-14T18:42:08","guid":{"rendered":"http:\/\/jennecken.de\/?p=4304"},"modified":"2019-03-14T19:42:08","modified_gmt":"2019-03-14T18:42:08","slug":"einladung-zum-konzert-3","status":"publish","type":"post","link":"https:\/\/jennecken.de\/?p=4304","title":{"rendered":"Einladung zum Konzert"},"content":{"rendered":"\n<p>Das Akkordeon-Orchester Drabenderh\u00f6he-Bergisch Land l\u00e4dt Sie zusammen mit dem Jugendorchester herzlich zum Konzert am 16. M\u00e4rz 2019 um 19 Uhr in die kleine Philharmonie der Aggertalklinik Engelskirchen ein. <\/p>\n\n\n\n<figure class=\"wp-block-image\"><img loading=\"lazy\" decoding=\"async\" width=\"904\" height=\"412\" src=\"https:\/\/jennecken.de\/wp-content\/uploads\/2019\/03\/konzert-akk19h.jpg\" alt=\"\" class=\"wp-image-4305\" srcset=\"https:\/\/jennecken.de\/wp-content\/uploads\/2019\/03\/konzert-akk19h.jpg 904w, https:\/\/jennecken.de\/wp-content\/uploads\/2019\/03\/konzert-akk19h-300x137.jpg 300w, https:\/\/jennecken.de\/wp-content\/uploads\/2019\/03\/konzert-akk19h-768x350.jpg 768w\" sizes=\"auto, (max-width: 767px) 89vw, (max-width: 1000px) 54vw, (max-width: 1071px) 543px, 580px\" \/><figcaption>Quelle: www.drabenderhoehe.de<\/figcaption><\/figure>\n\n\n\n<p>Mit Melodien, wie beispielsweise \u201eRolling in the deep\u201c, \u201eSingapur Skyline\u201c oder der \u201eNew York Ouvert\u00fcre&#8220; gestalten wir einen unterhaltsamen Abend. <br>Der Einlass ist ab 18.30 Uhr. Der Eintritt ist frei.<br><br>Mit musikalischen Gr\u00fc\u00dfen <br>Akkordeon-Orchester Drabenderh\u00f6he-Bergisch Land <\/p>\n","protected":false},"excerpt":{"rendered":"<p>Das Akkordeon-Orchester Drabenderh\u00f6he-Bergisch Land l\u00e4dt Sie zusammen mit dem Jugendorchester herzlich zum Konzert am 16. M\u00e4rz 2019 um 19 Uhr in die kleine Philharmonie der Aggertalklinik Engelskirchen ein. Mit Melodien, wie beispielsweise \u201eRolling in the deep\u201c, \u201eSingapur Skyline\u201c oder der \u201eNew York Ouvert\u00fcre&#8220; gestalten wir einen unterhaltsamen Abend. Der Einlass ist ab 18.30 Uhr. Der &hellip; <\/p>\n<p class=\"link-more\"><a href=\"https:\/\/jennecken.de\/?p=4304\" class=\"more-link\"><span class=\"screen-reader-text\">\u201eEinladung zum Konzert\u201c<\/span> weiterlesen<\/a><\/p>\n","protected":false},"author":1001002,"featured_media":0,"comment_status":"closed","ping_status":"closed","sticky":false,"template":"","format":"standard","meta":{"footnotes":""},"categories":[1],"tags":[126,132],"class_list":["post-4304","post","type-post","status-publish","format-standard","hentry","category-allgemein","tag-akkordeon","tag-konzert"],"_links":{"self":[{"href":"https:\/\/jennecken.de\/index.php?rest_route=\/wp\/v2\/posts\/4304","targetHints":{"allow":["GET"]}}],"collection":[{"href":"https:\/\/jennecken.de\/index.php?rest_route=\/wp\/v2\/posts"}],"about":[{"href":"https:\/\/jennecken.de\/index.php?rest_route=\/wp\/v2\/types\/post"}],"author":[{"embeddable":true,"href":"https:\/\/jennecken.de\/index.php?rest_route=\/wp\/v2\/users\/1001002"}],"replies":[{"embeddable":true,"href":"https:\/\/jennecken.de\/index.php?rest_route=%2Fwp%2Fv2%2Fcomments&post=4304"}],"version-history":[{"count":1,"href":"https:\/\/jennecken.de\/index.php?rest_route=\/wp\/v2\/posts\/4304\/revisions"}],"predecessor-version":[{"id":4306,"href":"https:\/\/jennecken.de\/index.php?rest_route=\/wp\/v2\/posts\/4304\/revisions\/4306"}],"wp:attachment":[{"href":"https:\/\/jennecken.de\/index.php?rest_route=%2Fwp%2Fv2%2Fmedia&parent=4304"}],"wp:term":[{"taxonomy":"category","embeddable":true,"href":"https:\/\/jennecken.de\/index.php?rest_route=%2Fwp%2Fv2%2Fcategories&post=4304"},{"taxonomy":"post_tag","embeddable":true,"href":"https:\/\/jennecken.de\/index.php?rest_route=%2Fwp%2Fv2%2Ftags&post=4304"}],"curies":[{"name":"wp","href":"https:\/\/api.w.org\/{rel}","templated":true}]}}