{"id":4308,"date":"2019-03-17T10:00:49","date_gmt":"2019-03-17T09:00:49","guid":{"rendered":"http:\/\/jennecken.de\/?p=4308"},"modified":"2022-04-19T15:32:51","modified_gmt":"2022-04-19T13:32:51","slug":"saubere-landschaft-2","status":"publish","type":"post","link":"https:\/\/jennecken.de\/?p=4308","title":{"rendered":"Saubere Landschaft"},"content":{"rendered":"\n<p>Zu unserem traditionellen Fr\u00fchjahrsputz treffen wir uns am Samstag, den 6. April, um 10:00 Uhr auf dem Kinderspielplatz.  <br>Jennecker, \u2026.kommt und helft alle mit! <\/p>\n\n\n\n<figure class=\"wp-block-image\"><img loading=\"lazy\" decoding=\"async\" width=\"1024\" height=\"544\" src=\"https:\/\/jennecken.de\/wp-content\/uploads\/2019\/03\/SaubereLandsch2017_2-1024x544.jpg\" alt=\"\" class=\"wp-image-4307\" srcset=\"https:\/\/jennecken.de\/wp-content\/uploads\/2019\/03\/SaubereLandsch2017_2-1024x544.jpg 1024w, https:\/\/jennecken.de\/wp-content\/uploads\/2019\/03\/SaubereLandsch2017_2-300x160.jpg 300w, https:\/\/jennecken.de\/wp-content\/uploads\/2019\/03\/SaubereLandsch2017_2-768x408.jpg 768w, https:\/\/jennecken.de\/wp-content\/uploads\/2019\/03\/SaubereLandsch2017_2.jpg 1200w\" sizes=\"auto, (max-width: 767px) 89vw, (max-width: 1000px) 54vw, (max-width: 1071px) 543px, 580px\" \/><\/figure>\n\n\n\n<p>Wir bringen den Spielplatz auf Vordermann und sammeln den M\u00fcll in der Umgebung. F\u00fcr Verpflegung ist bestens gesorgt. Nach getaner Arbeit warten Grillw\u00fcrstchen und k\u00fchle Getr\u00e4nke f\u00fcr alle Helfer! <\/p>\n","protected":false},"excerpt":{"rendered":"<p>Zu unserem traditionellen Fr\u00fchjahrsputz treffen wir uns am Samstag, den 6. April, um 10:00 Uhr auf dem Kinderspielplatz. Jennecker, \u2026.kommt und helft alle mit! Wir bringen den Spielplatz auf Vordermann und sammeln den M\u00fcll in der Umgebung. F\u00fcr Verpflegung ist bestens gesorgt. Nach getaner Arbeit warten Grillw\u00fcrstchen und k\u00fchle Getr\u00e4nke f\u00fcr alle Helfer!<\/p>\n","protected":false},"author":1001002,"featured_media":0,"comment_status":"closed","ping_status":"closed","sticky":false,"template":"","format":"standard","meta":{"footnotes":""},"categories":[4,8],"tags":[86,87],"class_list":["post-4308","post","type-post","status-publish","format-standard","hentry","category-neues-aus-jennecken","category-termine-und-einladungen","tag-fruehjahrsputz","tag-saubere-landschaft"],"_links":{"self":[{"href":"https:\/\/jennecken.de\/index.php?rest_route=\/wp\/v2\/posts\/4308","targetHints":{"allow":["GET"]}}],"collection":[{"href":"https:\/\/jennecken.de\/index.php?rest_route=\/wp\/v2\/posts"}],"about":[{"href":"https:\/\/jennecken.de\/index.php?rest_route=\/wp\/v2\/types\/post"}],"author":[{"embeddable":true,"href":"https:\/\/jennecken.de\/index.php?rest_route=\/wp\/v2\/users\/1001002"}],"replies":[{"embeddable":true,"href":"https:\/\/jennecken.de\/index.php?rest_route=%2Fwp%2Fv2%2Fcomments&post=4308"}],"version-history":[{"count":6,"href":"https:\/\/jennecken.de\/index.php?rest_route=\/wp\/v2\/posts\/4308\/revisions"}],"predecessor-version":[{"id":4825,"href":"https:\/\/jennecken.de\/index.php?rest_route=\/wp\/v2\/posts\/4308\/revisions\/4825"}],"wp:attachment":[{"href":"https:\/\/jennecken.de\/index.php?rest_route=%2Fwp%2Fv2%2Fmedia&parent=4308"}],"wp:term":[{"taxonomy":"category","embeddable":true,"href":"https:\/\/jennecken.de\/index.php?rest_route=%2Fwp%2Fv2%2Fcategories&post=4308"},{"taxonomy":"post_tag","embeddable":true,"href":"https:\/\/jennecken.de\/index.php?rest_route=%2Fwp%2Fv2%2Ftags&post=4308"}],"curies":[{"name":"wp","href":"https:\/\/api.w.org\/{rel}","templated":true}]}}