{"id":4420,"date":"2019-06-30T09:00:28","date_gmt":"2019-06-30T07:00:28","guid":{"rendered":"http:\/\/jennecken.de\/?p=4420"},"modified":"2019-07-01T07:50:46","modified_gmt":"2019-07-01T05:50:46","slug":"tenniscamp-des-tc-77-dhoehe","status":"publish","type":"post","link":"https:\/\/jennecken.de\/?p=4420","title":{"rendered":"Tenniscamp des TC 77 D&#8217;h\u00f6he"},"content":{"rendered":"\n<p>Vom 19. bis 21. August wird auf der Tennisanlage des TC 77 Drabenderh\u00f6he ein Tenniscamp f\u00fcr Kinder und Jugendliche, egal ob Anf\u00e4nger oder Fortgeschrittene, ausgerichtet.<\/p>\n\n\n\n<figure class=\"wp-block-image\"><img loading=\"lazy\" decoding=\"async\" width=\"1024\" height=\"768\" src=\"https:\/\/jennecken.de\/wp-content\/uploads\/2019\/06\/20190616_093430-1024x768.jpg\" alt=\"\" class=\"wp-image-4419\" srcset=\"https:\/\/jennecken.de\/wp-content\/uploads\/2019\/06\/20190616_093430-1024x768.jpg 1024w, https:\/\/jennecken.de\/wp-content\/uploads\/2019\/06\/20190616_093430-300x225.jpg 300w, https:\/\/jennecken.de\/wp-content\/uploads\/2019\/06\/20190616_093430-768x576.jpg 768w, https:\/\/jennecken.de\/wp-content\/uploads\/2019\/06\/20190616_093430.jpg 1185w\" sizes=\"auto, (max-width: 767px) 89vw, (max-width: 1000px) 54vw, (max-width: 1071px) 543px, 580px\" \/><\/figure>\n\n\n\n<p>Von 10 Uhr bis 16 Uhr werden neben Tennis auch andere Ball- und Wasserspiele angeboten. F\u00fcr Verpflegung ist ebenfalls bestens gesorgt!  <\/p>\n\n\n\n<!--more-->\n\n\n\n<figure class=\"wp-block-image\"><img loading=\"lazy\" decoding=\"async\" width=\"714\" height=\"1024\" src=\"https:\/\/jennecken.de\/wp-content\/uploads\/2019\/06\/tenniscamp19-714x1024.jpg\" alt=\"\" class=\"wp-image-4424\" srcset=\"https:\/\/jennecken.de\/wp-content\/uploads\/2019\/06\/tenniscamp19-714x1024.jpg 714w, https:\/\/jennecken.de\/wp-content\/uploads\/2019\/06\/tenniscamp19-209x300.jpg 209w, https:\/\/jennecken.de\/wp-content\/uploads\/2019\/06\/tenniscamp19-768x1101.jpg 768w, https:\/\/jennecken.de\/wp-content\/uploads\/2019\/06\/tenniscamp19.jpg 837w\" sizes=\"auto, (max-width: 714px) 100vw, 714px\" \/><\/figure>\n\n\n\n<p>Alle weiteren Info&#8217;s und die Anmeldung findet Ihr <a rel=\"noreferrer noopener\" href=\"https:\/\/www.tc77drabenderhoehe.de\" target=\"_blank\">&#8230;hier<\/a> (www.tc77drabenderhoehe.de)  <\/p>\n","protected":false},"excerpt":{"rendered":"<p>Vom 19. bis 21. August wird auf der Tennisanlage des TC 77 Drabenderh\u00f6he ein Tenniscamp f\u00fcr Kinder und Jugendliche, egal ob Anf\u00e4nger oder Fortgeschrittene, ausgerichtet. Von 10 Uhr bis 16 Uhr werden neben Tennis auch andere Ball- und Wasserspiele angeboten. F\u00fcr Verpflegung ist ebenfalls bestens gesorgt!<\/p>\n","protected":false},"author":1001002,"featured_media":0,"comment_status":"closed","ping_status":"closed","sticky":false,"template":"","format":"standard","meta":{"footnotes":""},"categories":[1],"tags":[176,171,169,164],"class_list":["post-4420","post","type-post","status-publish","format-standard","hentry","category-allgemein","tag-ferien","tag-kinder","tag-sport","tag-tennis"],"_links":{"self":[{"href":"https:\/\/jennecken.de\/index.php?rest_route=\/wp\/v2\/posts\/4420","targetHints":{"allow":["GET"]}}],"collection":[{"href":"https:\/\/jennecken.de\/index.php?rest_route=\/wp\/v2\/posts"}],"about":[{"href":"https:\/\/jennecken.de\/index.php?rest_route=\/wp\/v2\/types\/post"}],"author":[{"embeddable":true,"href":"https:\/\/jennecken.de\/index.php?rest_route=\/wp\/v2\/users\/1001002"}],"replies":[{"embeddable":true,"href":"https:\/\/jennecken.de\/index.php?rest_route=%2Fwp%2Fv2%2Fcomments&post=4420"}],"version-history":[{"count":6,"href":"https:\/\/jennecken.de\/index.php?rest_route=\/wp\/v2\/posts\/4420\/revisions"}],"predecessor-version":[{"id":4435,"href":"https:\/\/jennecken.de\/index.php?rest_route=\/wp\/v2\/posts\/4420\/revisions\/4435"}],"wp:attachment":[{"href":"https:\/\/jennecken.de\/index.php?rest_route=%2Fwp%2Fv2%2Fmedia&parent=4420"}],"wp:term":[{"taxonomy":"category","embeddable":true,"href":"https:\/\/jennecken.de\/index.php?rest_route=%2Fwp%2Fv2%2Fcategories&post=4420"},{"taxonomy":"post_tag","embeddable":true,"href":"https:\/\/jennecken.de\/index.php?rest_route=%2Fwp%2Fv2%2Ftags&post=4420"}],"curies":[{"name":"wp","href":"https:\/\/api.w.org\/{rel}","templated":true}]}}