{"id":4466,"date":"2019-09-30T17:00:14","date_gmt":"2019-09-30T15:00:14","guid":{"rendered":"http:\/\/jennecken.de\/?p=4466"},"modified":"2019-09-30T08:57:06","modified_gmt":"2019-09-30T06:57:06","slug":"bekraenzen-bei-hanns","status":"publish","type":"post","link":"https:\/\/jennecken.de\/?p=4466","title":{"rendered":"Bekr\u00e4nzen bei Hann&#8217;s"},"content":{"rendered":"\n<p>Anl\u00e4sslich der Silberhochzeit von Adelheid und G\u00fcnther wurde am Freitag, den 27. September, die T\u00fcre bekr\u00e4nzt.<\/p>\n\n\n\n<figure class=\"wp-block-image\"><img loading=\"lazy\" decoding=\"async\" width=\"1024\" height=\"768\" src=\"https:\/\/jennecken.de\/wp-content\/uploads\/2019\/09\/Silberh_Hann_2019-1024x768.jpg\" alt=\"\" class=\"wp-image-4468\" srcset=\"https:\/\/jennecken.de\/wp-content\/uploads\/2019\/09\/Silberh_Hann_2019-1024x768.jpg 1024w, https:\/\/jennecken.de\/wp-content\/uploads\/2019\/09\/Silberh_Hann_2019-300x225.jpg 300w, https:\/\/jennecken.de\/wp-content\/uploads\/2019\/09\/Silberh_Hann_2019-768x576.jpg 768w, https:\/\/jennecken.de\/wp-content\/uploads\/2019\/09\/Silberh_Hann_2019.jpg 2000w\" sizes=\"auto, (max-width: 767px) 89vw, (max-width: 1000px) 54vw, (max-width: 1071px) 543px, 580px\" \/><\/figure>\n\n\n\n<p>Wir bedanken uns beim Silberpaar f\u00fcr die tolle Bewirtung!<br><br>Die Bilder vom Bekr\u00e4nzen findet Ihr <a href=\"https:\/\/photos.google.com\/share\/AF1QipNATF6TsO_MWsNROTGj1y1l5D5r_svAhr6Re6MtW7cb-Jr_O0alQ_6ZbFoYB1Ksuw?key=Vy1sbjJhdjVoY0c4WEJ4VkZoeXZmLTNrRDB5ajZ3\" target=\"_blank\" rel=\"noreferrer noopener\" aria-label=\"\u2026hier\u00bb (\u00f6ffnet in neuem Tab)\">\u2026hier\u00bb<\/a>.<\/p>\n","protected":false},"excerpt":{"rendered":"<p>Anl\u00e4sslich der Silberhochzeit von Adelheid und G\u00fcnther wurde am Freitag, den 27. September, die T\u00fcre bekr\u00e4nzt. Wir bedanken uns beim Silberpaar f\u00fcr die tolle Bewirtung! Die Bilder vom Bekr\u00e4nzen findet Ihr \u2026hier\u00bb.<\/p>\n","protected":false},"author":1001002,"featured_media":0,"comment_status":"closed","ping_status":"closed","sticky":false,"template":"","format":"standard","meta":{"footnotes":""},"categories":[142,4],"tags":[96,158],"class_list":["post-4466","post","type-post","status-publish","format-standard","hentry","category-bilder","category-neues-aus-jennecken","tag-bekraenzen","tag-silberhochzeit"],"_links":{"self":[{"href":"https:\/\/jennecken.de\/index.php?rest_route=\/wp\/v2\/posts\/4466","targetHints":{"allow":["GET"]}}],"collection":[{"href":"https:\/\/jennecken.de\/index.php?rest_route=\/wp\/v2\/posts"}],"about":[{"href":"https:\/\/jennecken.de\/index.php?rest_route=\/wp\/v2\/types\/post"}],"author":[{"embeddable":true,"href":"https:\/\/jennecken.de\/index.php?rest_route=\/wp\/v2\/users\/1001002"}],"replies":[{"embeddable":true,"href":"https:\/\/jennecken.de\/index.php?rest_route=%2Fwp%2Fv2%2Fcomments&post=4466"}],"version-history":[{"count":3,"href":"https:\/\/jennecken.de\/index.php?rest_route=\/wp\/v2\/posts\/4466\/revisions"}],"predecessor-version":[{"id":4470,"href":"https:\/\/jennecken.de\/index.php?rest_route=\/wp\/v2\/posts\/4466\/revisions\/4470"}],"wp:attachment":[{"href":"https:\/\/jennecken.de\/index.php?rest_route=%2Fwp%2Fv2%2Fmedia&parent=4466"}],"wp:term":[{"taxonomy":"category","embeddable":true,"href":"https:\/\/jennecken.de\/index.php?rest_route=%2Fwp%2Fv2%2Fcategories&post=4466"},{"taxonomy":"post_tag","embeddable":true,"href":"https:\/\/jennecken.de\/index.php?rest_route=%2Fwp%2Fv2%2Ftags&post=4466"}],"curies":[{"name":"wp","href":"https:\/\/api.w.org\/{rel}","templated":true}]}}