{"id":4531,"date":"2020-01-04T08:00:24","date_gmt":"2020-01-04T07:00:24","guid":{"rendered":"http:\/\/jennecken.de\/?p=4531"},"modified":"2020-01-03T08:05:51","modified_gmt":"2020-01-03T07:05:51","slug":"tannenbaum-aktion-4","status":"publish","type":"post","link":"https:\/\/jennecken.de\/?p=4531","title":{"rendered":"Tannenbaum-Aktion"},"content":{"rendered":"\n<p>Am Samstag, den 11. Januar ab 9:00 Uhr, sammelt die   Ev. Jugend Drabenderh\u00f6he die Weihnachtsb\u00e4ume in Drabenderh\u00f6he und den umliegenden Ortschaften ein.  Bitte die Tannenb\u00e4ume gut sichtbar an die Stra\u00dfe legen und eine kleine Spende bereithalten. <\/p>\n\n\n\n<figure class=\"wp-block-image size-large\"><img loading=\"lazy\" decoding=\"async\" width=\"1000\" height=\"632\" src=\"https:\/\/jennecken.de\/wp-content\/uploads\/2020\/01\/Mountenbike_Dhoehe.jpg\" alt=\"\" class=\"wp-image-4533\" srcset=\"https:\/\/jennecken.de\/wp-content\/uploads\/2020\/01\/Mountenbike_Dhoehe.jpg 1000w, https:\/\/jennecken.de\/wp-content\/uploads\/2020\/01\/Mountenbike_Dhoehe-300x190.jpg 300w, https:\/\/jennecken.de\/wp-content\/uploads\/2020\/01\/Mountenbike_Dhoehe-768x485.jpg 768w\" sizes=\"auto, (max-width: 767px) 89vw, (max-width: 1000px) 54vw, (max-width: 1071px) 543px, 580px\" \/><figcaption>Quelle: drabenderhoehe.de<\/figcaption><\/figure>\n\n\n\n<p>Ein rechtlicher Anspruch besteht nicht. Mit den eingesammelten Spenden wird der Bau  einer Mountainbikestrecke in Drabenderh\u00f6he unterst\u00fctzt. <br>Weitere Info\u2019s unter\u00a0<a rel=\"noreferrer noopener\" aria-label=\"drabenderhoehe.de \u2192 (\u00f6ffnet in neuem Tab)\" href=\"http:\/\/www.drabenderhoehe.de\/2019\/12\/29\/tannenbaumaktion-2020-weihnachtsbaeume-werden-am-11-januar-eingesammelt\/\" target=\"_blank\">drabenderhoehe.de \u2192<\/a>. <\/p>\n","protected":false},"excerpt":{"rendered":"<p>Am Samstag, den 11. Januar ab 9:00 Uhr, sammelt die Ev. Jugend Drabenderh\u00f6he die Weihnachtsb\u00e4ume in Drabenderh\u00f6he und den umliegenden Ortschaften ein. Bitte die Tannenb\u00e4ume gut sichtbar an die Stra\u00dfe legen und eine kleine Spende bereithalten. Ein rechtlicher Anspruch besteht nicht. Mit den eingesammelten Spenden wird der Bau einer Mountainbikestrecke in Drabenderh\u00f6he unterst\u00fctzt. Weitere Info\u2019s &hellip; <\/p>\n<p class=\"link-more\"><a href=\"https:\/\/jennecken.de\/?p=4531\" class=\"more-link\"><span class=\"screen-reader-text\">\u201eTannenbaum-Aktion\u201c<\/span> weiterlesen<\/a><\/p>\n","protected":false},"author":1001002,"featured_media":0,"comment_status":"closed","ping_status":"closed","sticky":false,"template":"","format":"standard","meta":{"footnotes":""},"categories":[4],"tags":[154,123],"class_list":["post-4531","post","type-post","status-publish","format-standard","hentry","category-neues-aus-jennecken","tag-tannenbaum","tag-weihnachtsbaum"],"_links":{"self":[{"href":"https:\/\/jennecken.de\/index.php?rest_route=\/wp\/v2\/posts\/4531","targetHints":{"allow":["GET"]}}],"collection":[{"href":"https:\/\/jennecken.de\/index.php?rest_route=\/wp\/v2\/posts"}],"about":[{"href":"https:\/\/jennecken.de\/index.php?rest_route=\/wp\/v2\/types\/post"}],"author":[{"embeddable":true,"href":"https:\/\/jennecken.de\/index.php?rest_route=\/wp\/v2\/users\/1001002"}],"replies":[{"embeddable":true,"href":"https:\/\/jennecken.de\/index.php?rest_route=%2Fwp%2Fv2%2Fcomments&post=4531"}],"version-history":[{"count":3,"href":"https:\/\/jennecken.de\/index.php?rest_route=\/wp\/v2\/posts\/4531\/revisions"}],"predecessor-version":[{"id":4535,"href":"https:\/\/jennecken.de\/index.php?rest_route=\/wp\/v2\/posts\/4531\/revisions\/4535"}],"wp:attachment":[{"href":"https:\/\/jennecken.de\/index.php?rest_route=%2Fwp%2Fv2%2Fmedia&parent=4531"}],"wp:term":[{"taxonomy":"category","embeddable":true,"href":"https:\/\/jennecken.de\/index.php?rest_route=%2Fwp%2Fv2%2Fcategories&post=4531"},{"taxonomy":"post_tag","embeddable":true,"href":"https:\/\/jennecken.de\/index.php?rest_route=%2Fwp%2Fv2%2Ftags&post=4531"}],"curies":[{"name":"wp","href":"https:\/\/api.w.org\/{rel}","templated":true}]}}