{"id":4537,"date":"2020-01-16T15:53:20","date_gmt":"2020-01-16T14:53:20","guid":{"rendered":"http:\/\/jennecken.de\/?p=4537"},"modified":"2020-01-16T15:53:20","modified_gmt":"2020-01-16T14:53:20","slug":"jahreshauptversammlung-3","status":"publish","type":"post","link":"https:\/\/jennecken.de\/?p=4537","title":{"rendered":"Jahreshauptversammlung"},"content":{"rendered":"\n<p>Wir m\u00f6chten alle Jennecker und Vereinsmitglieder recht herzlich zur diesj\u00e4hrigen Jahreshauptversammlung am Mittwoch, dem 5. Februar 2020,  um  19:30 Uhr ins Dorfgemeinschaftshaus einladen.  <\/p>\n\n\n\n<figure class=\"wp-block-image size-large\"><img loading=\"lazy\" decoding=\"async\" width=\"1024\" height=\"411\" src=\"https:\/\/jennecken.de\/wp-content\/uploads\/2019\/01\/Einl_JHV-1024x411.jpg\" alt=\"\" class=\"wp-image-4268\" srcset=\"https:\/\/jennecken.de\/wp-content\/uploads\/2019\/01\/Einl_JHV-1024x411.jpg 1024w, https:\/\/jennecken.de\/wp-content\/uploads\/2019\/01\/Einl_JHV-300x121.jpg 300w, https:\/\/jennecken.de\/wp-content\/uploads\/2019\/01\/Einl_JHV-768x309.jpg 768w, https:\/\/jennecken.de\/wp-content\/uploads\/2019\/01\/Einl_JHV.jpg 1120w\" sizes=\"auto, (max-width: 767px) 89vw, (max-width: 1000px) 54vw, (max-width: 1071px) 543px, 580px\" \/><\/figure>\n\n\n\n<p>Stimmberechtigt sind nat\u00fcrlich nur Vereinsmitglieder, aber vielleicht   hat auch jemand Interesse, der noch kein Mitglied ist und das gerne werden m\u00f6chte. Es w\u00e4re sch\u00f6n, wenn Ihr der Einladung folgt und damit  Euer Interesse an Eurem Dorf und unserer Vorstandsarbeit bekundet!   <\/p>\n\n\n\n<!--more-->\n\n\n\n<p>Tagesordnung:<\/p>\n\n\n\n<ol class=\"wp-block-list\"><li>Begr\u00fc\u00dfung und Er\u00f6ffnung <\/li><li> Feststellung der ordnungsgem\u00e4\u00dfen Einladung und der&nbsp;Beschlu\u00dff\u00e4higkeit der Versammlung <\/li><li> Jahresr\u00fcckblick 201 9<\/li><li> Kassenbericht f\u00fcr das Jahr 201 9<\/li><li> Bericht der Kassenpr\u00fcfer <\/li><li> Entlastung des Gesamtvorstandes <\/li><li> Haushaltsplanung und Verabschiedung Haushalt 2020<\/li><li> Neuwahl eines Kassenpr\u00fcfers <\/li><li> Verschiedenes \u2013 Eure Punkte <\/li><\/ol>\n\n\n\n<p>Die Einladung an alle Mitglieder erfolgt satzungsgem\u00e4\u00df auch schriftlich. <\/p>\n","protected":false},"excerpt":{"rendered":"<p>Wir m\u00f6chten alle Jennecker und Vereinsmitglieder recht herzlich zur diesj\u00e4hrigen Jahreshauptversammlung am Mittwoch, dem 5. Februar 2020, um 19:30 Uhr ins Dorfgemeinschaftshaus einladen. Stimmberechtigt sind nat\u00fcrlich nur Vereinsmitglieder, aber vielleicht hat auch jemand Interesse, der noch kein Mitglied ist und das gerne werden m\u00f6chte. Es w\u00e4re sch\u00f6n, wenn Ihr der Einladung folgt und damit Euer &hellip; <\/p>\n<p class=\"link-more\"><a href=\"https:\/\/jennecken.de\/?p=4537\" class=\"more-link\"><span class=\"screen-reader-text\">\u201eJahreshauptversammlung\u201c<\/span> weiterlesen<\/a><\/p>\n","protected":false},"author":1001002,"featured_media":0,"comment_status":"closed","ping_status":"closed","sticky":false,"template":"","format":"standard","meta":{"footnotes":""},"categories":[4,8],"tags":[65],"class_list":["post-4537","post","type-post","status-publish","format-standard","hentry","category-neues-aus-jennecken","category-termine-und-einladungen","tag-jahreshauptversammlung"],"_links":{"self":[{"href":"https:\/\/jennecken.de\/index.php?rest_route=\/wp\/v2\/posts\/4537","targetHints":{"allow":["GET"]}}],"collection":[{"href":"https:\/\/jennecken.de\/index.php?rest_route=\/wp\/v2\/posts"}],"about":[{"href":"https:\/\/jennecken.de\/index.php?rest_route=\/wp\/v2\/types\/post"}],"author":[{"embeddable":true,"href":"https:\/\/jennecken.de\/index.php?rest_route=\/wp\/v2\/users\/1001002"}],"replies":[{"embeddable":true,"href":"https:\/\/jennecken.de\/index.php?rest_route=%2Fwp%2Fv2%2Fcomments&post=4537"}],"version-history":[{"count":6,"href":"https:\/\/jennecken.de\/index.php?rest_route=\/wp\/v2\/posts\/4537\/revisions"}],"predecessor-version":[{"id":4543,"href":"https:\/\/jennecken.de\/index.php?rest_route=\/wp\/v2\/posts\/4537\/revisions\/4543"}],"wp:attachment":[{"href":"https:\/\/jennecken.de\/index.php?rest_route=%2Fwp%2Fv2%2Fmedia&parent=4537"}],"wp:term":[{"taxonomy":"category","embeddable":true,"href":"https:\/\/jennecken.de\/index.php?rest_route=%2Fwp%2Fv2%2Fcategories&post=4537"},{"taxonomy":"post_tag","embeddable":true,"href":"https:\/\/jennecken.de\/index.php?rest_route=%2Fwp%2Fv2%2Ftags&post=4537"}],"curies":[{"name":"wp","href":"https:\/\/api.w.org\/{rel}","templated":true}]}}