{"id":4563,"date":"2020-03-21T20:07:15","date_gmt":"2020-03-21T19:07:15","guid":{"rendered":"http:\/\/jennecken.de\/?p=4563"},"modified":"2020-03-21T20:07:15","modified_gmt":"2020-03-21T19:07:15","slug":"gemeinsam-gegen-corona-jennecken-hilft","status":"publish","type":"post","link":"https:\/\/jennecken.de\/?p=4563","title":{"rendered":"Gemeinsam gegen Corona &#8211; Jennecken hilft!"},"content":{"rendered":"\n<p>Angesicht der Coronakrise bieten Jennecker\u00a0 allen Dorfbewohnern, die zur Risikogruppe z\u00e4hlen oder sich in h\u00e4uslicher Quarant\u00e4ne befinden ihre Hilfe bei Eink\u00e4ufen an! <\/p>\n\n\n\n<figure class=\"wp-block-image size-large\"><img loading=\"lazy\" decoding=\"async\" width=\"1024\" height=\"394\" src=\"https:\/\/jennecken.de\/wp-content\/uploads\/2020\/03\/Jennecken_hilft-1024x394.jpg\" alt=\"\" class=\"wp-image-4562\" srcset=\"https:\/\/jennecken.de\/wp-content\/uploads\/2020\/03\/Jennecken_hilft-1024x394.jpg 1024w, https:\/\/jennecken.de\/wp-content\/uploads\/2020\/03\/Jennecken_hilft-300x115.jpg 300w, https:\/\/jennecken.de\/wp-content\/uploads\/2020\/03\/Jennecken_hilft-768x295.jpg 768w, https:\/\/jennecken.de\/wp-content\/uploads\/2020\/03\/Jennecken_hilft-1536x591.jpg 1536w, https:\/\/jennecken.de\/wp-content\/uploads\/2020\/03\/Jennecken_hilft.jpg 2000w\" sizes=\"auto, (max-width: 767px) 89vw, (max-width: 1000px) 54vw, (max-width: 1071px) 543px, 580px\" \/><\/figure>\n\n\n\n<p>Es haben sich bereits ein paar Familien bereit erkl\u00e4rt und ihr Hilfe angeboten! Mach auch Du mit und melde Dich!<br><br>Wer Hilfe ben\u00f6tigt meldet sich bitte unter den unten stehenden Kontaktdaten. Euer Anliegen wird von dort koordiniert und auf die helfenden Familien verteilt.<\/p>\n\n\n\n<p>Mail: \u00a0\u00a0\u00a0\u00a0\u00a0\u00a0   <a href=\"mailto:vorstand@jennecken.de\">vorstand@jennecken.de<\/a><br>Telefon: \u00a0 02262 691401 (Familie Ingo Kr\u00e4mer)<\/p>\n\n\n\n<p><strong>Bitte\npasst alle gut auf Euch auf und bleibt zu Hause!<\/strong><\/p>\n","protected":false},"excerpt":{"rendered":"<p>Angesicht der Coronakrise bieten Jennecker\u00a0 allen Dorfbewohnern, die zur Risikogruppe z\u00e4hlen oder sich in h\u00e4uslicher Quarant\u00e4ne befinden ihre Hilfe bei Eink\u00e4ufen an! Es haben sich bereits ein paar Familien bereit erkl\u00e4rt und ihr Hilfe angeboten! Mach auch Du mit und melde Dich! Wer Hilfe ben\u00f6tigt meldet sich bitte unter den unten stehenden Kontaktdaten. Euer Anliegen &hellip; <\/p>\n<p class=\"link-more\"><a href=\"https:\/\/jennecken.de\/?p=4563\" class=\"more-link\"><span class=\"screen-reader-text\">\u201eGemeinsam gegen Corona &#8211; Jennecken hilft!\u201c<\/span> weiterlesen<\/a><\/p>\n","protected":false},"author":1001002,"featured_media":0,"comment_status":"closed","ping_status":"closed","sticky":false,"template":"","format":"standard","meta":{"footnotes":""},"categories":[153,4],"tags":[181,182],"class_list":["post-4563","post","type-post","status-publish","format-standard","hentry","category-allgemeine-info","category-neues-aus-jennecken","tag-coronakrise","tag-hilfe"],"_links":{"self":[{"href":"https:\/\/jennecken.de\/index.php?rest_route=\/wp\/v2\/posts\/4563","targetHints":{"allow":["GET"]}}],"collection":[{"href":"https:\/\/jennecken.de\/index.php?rest_route=\/wp\/v2\/posts"}],"about":[{"href":"https:\/\/jennecken.de\/index.php?rest_route=\/wp\/v2\/types\/post"}],"author":[{"embeddable":true,"href":"https:\/\/jennecken.de\/index.php?rest_route=\/wp\/v2\/users\/1001002"}],"replies":[{"embeddable":true,"href":"https:\/\/jennecken.de\/index.php?rest_route=%2Fwp%2Fv2%2Fcomments&post=4563"}],"version-history":[{"count":2,"href":"https:\/\/jennecken.de\/index.php?rest_route=\/wp\/v2\/posts\/4563\/revisions"}],"predecessor-version":[{"id":4565,"href":"https:\/\/jennecken.de\/index.php?rest_route=\/wp\/v2\/posts\/4563\/revisions\/4565"}],"wp:attachment":[{"href":"https:\/\/jennecken.de\/index.php?rest_route=%2Fwp%2Fv2%2Fmedia&parent=4563"}],"wp:term":[{"taxonomy":"category","embeddable":true,"href":"https:\/\/jennecken.de\/index.php?rest_route=%2Fwp%2Fv2%2Fcategories&post=4563"},{"taxonomy":"post_tag","embeddable":true,"href":"https:\/\/jennecken.de\/index.php?rest_route=%2Fwp%2Fv2%2Ftags&post=4563"}],"curies":[{"name":"wp","href":"https:\/\/api.w.org\/{rel}","templated":true}]}}