{"id":4585,"date":"2020-07-20T08:25:41","date_gmt":"2020-07-20T06:25:41","guid":{"rendered":"http:\/\/jennecken.de\/?p=4585"},"modified":"2020-07-20T08:31:04","modified_gmt":"2020-07-20T06:31:04","slug":"information-zum-erntedenkfest","status":"publish","type":"post","link":"https:\/\/jennecken.de\/?p=4585","title":{"rendered":"Information zum Erntedenkfest"},"content":{"rendered":"\n<p>Das diesj\u00e4hrige Erntedankfest kann auf Grund der Corona-Pandemie nicht in dem gewohnten Rahmen stattfinden. Der Ernteverein Drabenderh\u00f6he stellt sein Konzept zur Durchf\u00fchrung eines &#8222;anderen&#8220; Erntedankfestes vor.<\/p>\n\n\n\n<figure class=\"wp-block-image size-large\"><img loading=\"lazy\" decoding=\"async\" width=\"904\" height=\"319\" src=\"https:\/\/jennecken.de\/wp-content\/uploads\/2020\/07\/ernteverein.jpg\" alt=\"\" class=\"wp-image-4586\" srcset=\"https:\/\/jennecken.de\/wp-content\/uploads\/2020\/07\/ernteverein.jpg 904w, https:\/\/jennecken.de\/wp-content\/uploads\/2020\/07\/ernteverein-300x106.jpg 300w, https:\/\/jennecken.de\/wp-content\/uploads\/2020\/07\/ernteverein-768x271.jpg 768w\" sizes=\"auto, (max-width: 767px) 89vw, (max-width: 1000px) 54vw, (max-width: 1071px) 543px, 580px\" \/><\/figure>\n\n\n\n<p>Besonders wichtig ist diese Information f\u00fcr unsere Erntewagen-Gruppe. Den vollst\u00e4ndigen Artikel hierzu findet Ihr <a rel=\"noreferrer noopener\" href=\"http:\/\/www.drabenderhoehe.de\/2020\/07\/19\/anders-als-sonst-erntedankfest-2020\/\" target=\"_blank\">\u2026hier<\/a> (drabenderhoehe.de).<\/p>\n","protected":false},"excerpt":{"rendered":"<p>Das diesj\u00e4hrige Erntedankfest kann auf Grund der Corona-Pandemie nicht in dem gewohnten Rahmen stattfinden. Der Ernteverein Drabenderh\u00f6he stellt sein Konzept zur Durchf\u00fchrung eines &#8222;anderen&#8220; Erntedankfestes vor. Besonders wichtig ist diese Information f\u00fcr unsere Erntewagen-Gruppe. Den vollst\u00e4ndigen Artikel hierzu findet Ihr \u2026hier (drabenderhoehe.de).<\/p>\n","protected":false},"author":1001002,"featured_media":0,"comment_status":"closed","ping_status":"closed","sticky":false,"template":"","format":"standard","meta":{"footnotes":""},"categories":[153,1],"tags":[46,22,104],"class_list":["post-4585","post","type-post","status-publish","format-standard","hentry","category-allgemeine-info","category-allgemein","tag-erntedankfest","tag-ernteverein","tag-erntewagen"],"_links":{"self":[{"href":"https:\/\/jennecken.de\/index.php?rest_route=\/wp\/v2\/posts\/4585","targetHints":{"allow":["GET"]}}],"collection":[{"href":"https:\/\/jennecken.de\/index.php?rest_route=\/wp\/v2\/posts"}],"about":[{"href":"https:\/\/jennecken.de\/index.php?rest_route=\/wp\/v2\/types\/post"}],"author":[{"embeddable":true,"href":"https:\/\/jennecken.de\/index.php?rest_route=\/wp\/v2\/users\/1001002"}],"replies":[{"embeddable":true,"href":"https:\/\/jennecken.de\/index.php?rest_route=%2Fwp%2Fv2%2Fcomments&post=4585"}],"version-history":[{"count":3,"href":"https:\/\/jennecken.de\/index.php?rest_route=\/wp\/v2\/posts\/4585\/revisions"}],"predecessor-version":[{"id":4589,"href":"https:\/\/jennecken.de\/index.php?rest_route=\/wp\/v2\/posts\/4585\/revisions\/4589"}],"wp:attachment":[{"href":"https:\/\/jennecken.de\/index.php?rest_route=%2Fwp%2Fv2%2Fmedia&parent=4585"}],"wp:term":[{"taxonomy":"category","embeddable":true,"href":"https:\/\/jennecken.de\/index.php?rest_route=%2Fwp%2Fv2%2Fcategories&post=4585"},{"taxonomy":"post_tag","embeddable":true,"href":"https:\/\/jennecken.de\/index.php?rest_route=%2Fwp%2Fv2%2Ftags&post=4585"}],"curies":[{"name":"wp","href":"https:\/\/api.w.org\/{rel}","templated":true}]}}