{"id":4596,"date":"2020-09-15T19:11:25","date_gmt":"2020-09-15T17:11:25","guid":{"rendered":"http:\/\/jennecken.de\/?p=4596"},"modified":"2020-09-15T19:11:25","modified_gmt":"2020-09-15T17:11:25","slug":"erntefest-2020","status":"publish","type":"post","link":"https:\/\/jennecken.de\/?p=4596","title":{"rendered":"Erntefest 2020"},"content":{"rendered":"\n<p>Am 13. September fand das diesj\u00e4hrige Erntedankfest statt. Im Gegensatz zur urspr\u00fcnglichen Tradition, dem Bau eines Erntewagens, wurde in diesem Jahr der Spielplatz geschm\u00fcckt und der Ernteverein kam zu Besuch.<\/p>\n\n\n\n<figure class=\"wp-block-image size-large\"><img loading=\"lazy\" decoding=\"async\" width=\"1024\" height=\"768\" src=\"https:\/\/jennecken.de\/wp-content\/uploads\/2020\/09\/Erntefest2020-1024x768.jpg\" alt=\"\" class=\"wp-image-4595\" srcset=\"https:\/\/jennecken.de\/wp-content\/uploads\/2020\/09\/Erntefest2020-1024x768.jpg 1024w, https:\/\/jennecken.de\/wp-content\/uploads\/2020\/09\/Erntefest2020-300x225.jpg 300w, https:\/\/jennecken.de\/wp-content\/uploads\/2020\/09\/Erntefest2020-768x576.jpg 768w, https:\/\/jennecken.de\/wp-content\/uploads\/2020\/09\/Erntefest2020.jpg 1500w\" sizes=\"auto, (max-width: 767px) 89vw, (max-width: 1000px) 54vw, (max-width: 1071px) 543px, 580px\" \/><\/figure>\n\n\n\n<p>Ein paar Bilder findet Ihr <a href=\"https:\/\/photos.google.com\/share\/AF1QipM4vcuL6-5HwxkBa9qE4rY59PtBUEqa-ad-Txy7CNVTTt0Kwq5lbU3sQzPzJqEEVg?key=M1ZVYW9Gb0ItWFVrX09VVmNDcF85ckl5c1EydFNn\" target=\"_blank\" rel=\"noreferrer noopener\">&#8230;hier<\/a> in unserem Fotoalbum.<\/p>\n","protected":false},"excerpt":{"rendered":"<p>Am 13. September fand das diesj\u00e4hrige Erntedankfest statt. Im Gegensatz zur urspr\u00fcnglichen Tradition, dem Bau eines Erntewagens, wurde in diesem Jahr der Spielplatz geschm\u00fcckt und der Ernteverein kam zu Besuch. Ein paar Bilder findet Ihr &#8230;hier in unserem Fotoalbum.<\/p>\n","protected":false},"author":1001002,"featured_media":0,"comment_status":"closed","ping_status":"closed","sticky":false,"template":"","format":"standard","meta":{"footnotes":""},"categories":[4],"tags":[],"class_list":["post-4596","post","type-post","status-publish","format-standard","hentry","category-neues-aus-jennecken"],"_links":{"self":[{"href":"https:\/\/jennecken.de\/index.php?rest_route=\/wp\/v2\/posts\/4596","targetHints":{"allow":["GET"]}}],"collection":[{"href":"https:\/\/jennecken.de\/index.php?rest_route=\/wp\/v2\/posts"}],"about":[{"href":"https:\/\/jennecken.de\/index.php?rest_route=\/wp\/v2\/types\/post"}],"author":[{"embeddable":true,"href":"https:\/\/jennecken.de\/index.php?rest_route=\/wp\/v2\/users\/1001002"}],"replies":[{"embeddable":true,"href":"https:\/\/jennecken.de\/index.php?rest_route=%2Fwp%2Fv2%2Fcomments&post=4596"}],"version-history":[{"count":1,"href":"https:\/\/jennecken.de\/index.php?rest_route=\/wp\/v2\/posts\/4596\/revisions"}],"predecessor-version":[{"id":4597,"href":"https:\/\/jennecken.de\/index.php?rest_route=\/wp\/v2\/posts\/4596\/revisions\/4597"}],"wp:attachment":[{"href":"https:\/\/jennecken.de\/index.php?rest_route=%2Fwp%2Fv2%2Fmedia&parent=4596"}],"wp:term":[{"taxonomy":"category","embeddable":true,"href":"https:\/\/jennecken.de\/index.php?rest_route=%2Fwp%2Fv2%2Fcategories&post=4596"},{"taxonomy":"post_tag","embeddable":true,"href":"https:\/\/jennecken.de\/index.php?rest_route=%2Fwp%2Fv2%2Ftags&post=4596"}],"curies":[{"name":"wp","href":"https:\/\/api.w.org\/{rel}","templated":true}]}}