{"id":4933,"date":"2024-01-28T22:28:47","date_gmt":"2024-01-28T21:28:47","guid":{"rendered":"https:\/\/jennecken.de\/?p=4933"},"modified":"2024-01-28T22:38:13","modified_gmt":"2024-01-28T21:38:13","slug":"einladung-zur-dorfkneipe","status":"publish","type":"post","link":"https:\/\/jennecken.de\/?p=4933","title":{"rendered":"Einladung zur Dorfkneipe"},"content":{"rendered":"\n<p>Damit wir Jennecker uns auch in der dunklen Jahreszeit treffen k\u00f6nnen, m\u00f6chten wir Euch hiermit zur Dorfkneipe ins Dorfhaus einladen.<br><br>Am 16.02.2024 und 23.02.2024 sind wir ab jeweils 18.00 Uhr f\u00fcr Euch da. Neben k\u00fchlen Getr\u00e4nken stehen eine Tischtennisplatte und eine Dartsscheibe bereit. <\/p>\n\n\n\n<p>Wir freuen uns auf gem\u00fctliche Abende mit Euch,<br>Euer Vorstand<\/p>\n","protected":false},"excerpt":{"rendered":"<p>Damit wir Jennecker uns auch in der dunklen Jahreszeit treffen k\u00f6nnen, m\u00f6chten wir Euch hiermit zur Dorfkneipe ins Dorfhaus einladen. Am 16.02.2024 und 23.02.2024 sind wir ab jeweils 18.00 Uhr f\u00fcr Euch da. Neben k\u00fchlen Getr\u00e4nken stehen eine Tischtennisplatte und eine Dartsscheibe bereit. Wir freuen uns auf gem\u00fctliche Abende mit Euch,Euer Vorstand<\/p>\n","protected":false},"author":1001002,"featured_media":0,"comment_status":"closed","ping_status":"closed","sticky":false,"template":"","format":"standard","meta":{"footnotes":""},"categories":[4,8],"tags":[200,199,76],"class_list":["post-4933","post","type-post","status-publish","format-standard","hentry","category-neues-aus-jennecken","category-termine-und-einladungen","tag-dorfkneipe","tag-einladung","tag-termine"],"_links":{"self":[{"href":"https:\/\/jennecken.de\/index.php?rest_route=\/wp\/v2\/posts\/4933","targetHints":{"allow":["GET"]}}],"collection":[{"href":"https:\/\/jennecken.de\/index.php?rest_route=\/wp\/v2\/posts"}],"about":[{"href":"https:\/\/jennecken.de\/index.php?rest_route=\/wp\/v2\/types\/post"}],"author":[{"embeddable":true,"href":"https:\/\/jennecken.de\/index.php?rest_route=\/wp\/v2\/users\/1001002"}],"replies":[{"embeddable":true,"href":"https:\/\/jennecken.de\/index.php?rest_route=%2Fwp%2Fv2%2Fcomments&post=4933"}],"version-history":[{"count":3,"href":"https:\/\/jennecken.de\/index.php?rest_route=\/wp\/v2\/posts\/4933\/revisions"}],"predecessor-version":[{"id":4936,"href":"https:\/\/jennecken.de\/index.php?rest_route=\/wp\/v2\/posts\/4933\/revisions\/4936"}],"wp:attachment":[{"href":"https:\/\/jennecken.de\/index.php?rest_route=%2Fwp%2Fv2%2Fmedia&parent=4933"}],"wp:term":[{"taxonomy":"category","embeddable":true,"href":"https:\/\/jennecken.de\/index.php?rest_route=%2Fwp%2Fv2%2Fcategories&post=4933"},{"taxonomy":"post_tag","embeddable":true,"href":"https:\/\/jennecken.de\/index.php?rest_route=%2Fwp%2Fv2%2Ftags&post=4933"}],"curies":[{"name":"wp","href":"https:\/\/api.w.org\/{rel}","templated":true}]}}