{"id":5028,"date":"2024-05-04T20:45:54","date_gmt":"2024-05-04T18:45:54","guid":{"rendered":"https:\/\/jennecken.de\/?p=5028"},"modified":"2024-05-04T22:08:59","modified_gmt":"2024-05-04T20:08:59","slug":"revovierung-des-viehwaagesplatzes-hat-begonnen","status":"publish","type":"post","link":"https:\/\/jennecken.de\/?p=5028","title":{"rendered":"Revovierung des Viehwaagesplatzes hat begonnen"},"content":{"rendered":"\n<p>Liebe Jennecker,<\/p>\n\n\n\n<p>wie ihr sicherlich schon aus der WhatsApp Gruppe oder unserem Instagram Account mitbekommen habt, ist der Startschuss zur Renovierung des Jennecker Viehwaagenlatzes gefallen.<\/p>\n\n\n\n<figure class=\"wp-block-image size-large\"><img loading=\"lazy\" decoding=\"async\" width=\"1024\" height=\"768\" src=\"https:\/\/jennecken.de\/wp-content\/uploads\/2024\/05\/D3A88B98-DC01-4180-8DF8-3E8B94D09532-1024x768.jpg\" alt=\"\" class=\"wp-image-5030\" srcset=\"https:\/\/jennecken.de\/wp-content\/uploads\/2024\/05\/D3A88B98-DC01-4180-8DF8-3E8B94D09532-1024x768.jpg 1024w, https:\/\/jennecken.de\/wp-content\/uploads\/2024\/05\/D3A88B98-DC01-4180-8DF8-3E8B94D09532-300x225.jpg 300w, https:\/\/jennecken.de\/wp-content\/uploads\/2024\/05\/D3A88B98-DC01-4180-8DF8-3E8B94D09532-768x576.jpg 768w, https:\/\/jennecken.de\/wp-content\/uploads\/2024\/05\/D3A88B98-DC01-4180-8DF8-3E8B94D09532.jpg 1440w\" sizes=\"auto, (max-width: 767px) 89vw, (max-width: 1000px) 54vw, (max-width: 1071px) 543px, 580px\" \/><\/figure>\n\n\n\n<!--more-->\n\n\n\n<p>Die Erdarbeiten wurden mit tatkr\u00e4ftiger Unterst\u00fctzung von Kevin Kr\u00e4mer (nochmals vielen Dank) in innerhalb von zwei Tagen abgeschlossen. Somit steht den kommenden Pflaster- und Betonarbeiten nichts mehr im Wege.<\/p>\n\n\n\n<p>Wann und wie es ganz genau weitergeht, wird in den kommenden Tagen auf den g\u00e4ngigen Kan\u00e4len weiter erl\u00e4utert. Bis dahin k\u00f6nnt ihr euch den momentanen Fortschritt <a href=\"https:\/\/photos.app.goo.gl\/sJ8ju96ERotZNdvm6\">hier<\/a> anschauen.<\/p>\n","protected":false},"excerpt":{"rendered":"<p>Liebe Jennecker, wie ihr sicherlich schon aus der WhatsApp Gruppe oder unserem Instagram Account mitbekommen habt, ist der Startschuss zur Renovierung des Jennecker Viehwaagenlatzes gefallen.<\/p>\n","protected":false},"author":1001002,"featured_media":0,"comment_status":"closed","ping_status":"closed","sticky":false,"template":"","format":"standard","meta":{"footnotes":""},"categories":[4],"tags":[],"class_list":["post-5028","post","type-post","status-publish","format-standard","hentry","category-neues-aus-jennecken"],"_links":{"self":[{"href":"https:\/\/jennecken.de\/index.php?rest_route=\/wp\/v2\/posts\/5028","targetHints":{"allow":["GET"]}}],"collection":[{"href":"https:\/\/jennecken.de\/index.php?rest_route=\/wp\/v2\/posts"}],"about":[{"href":"https:\/\/jennecken.de\/index.php?rest_route=\/wp\/v2\/types\/post"}],"author":[{"embeddable":true,"href":"https:\/\/jennecken.de\/index.php?rest_route=\/wp\/v2\/users\/1001002"}],"replies":[{"embeddable":true,"href":"https:\/\/jennecken.de\/index.php?rest_route=%2Fwp%2Fv2%2Fcomments&post=5028"}],"version-history":[{"count":9,"href":"https:\/\/jennecken.de\/index.php?rest_route=\/wp\/v2\/posts\/5028\/revisions"}],"predecessor-version":[{"id":5038,"href":"https:\/\/jennecken.de\/index.php?rest_route=\/wp\/v2\/posts\/5028\/revisions\/5038"}],"wp:attachment":[{"href":"https:\/\/jennecken.de\/index.php?rest_route=%2Fwp%2Fv2%2Fmedia&parent=5028"}],"wp:term":[{"taxonomy":"category","embeddable":true,"href":"https:\/\/jennecken.de\/index.php?rest_route=%2Fwp%2Fv2%2Fcategories&post=5028"},{"taxonomy":"post_tag","embeddable":true,"href":"https:\/\/jennecken.de\/index.php?rest_route=%2Fwp%2Fv2%2Ftags&post=5028"}],"curies":[{"name":"wp","href":"https:\/\/api.w.org\/{rel}","templated":true}]}}