{"id":600,"date":"2014-01-23T20:14:45","date_gmt":"2014-01-23T19:14:45","guid":{"rendered":"http:\/\/jennecken.de\/?p=600"},"modified":"2014-01-24T13:58:40","modified_gmt":"2014-01-24T12:58:40","slug":"neuer-unterstuetzer-unseres-vereins","status":"publish","type":"post","link":"https:\/\/jennecken.de\/?p=600","title":{"rendered":"Neuer Unterst\u00fctzer unseres Vereins"},"content":{"rendered":"<p>Die Firma &#8222;Prometheus &#8211; Verm\u00f6gensmanagement GmbH&#8220; aus Langenfeld unterst\u00fctzt unseren Verein ab diesem Jahr. Informationen zu Prometheus bekommt ihr unter\u00a0<a href=\"http:\/\/www.prometheus.de\" target=\"_blank\">www.prometheus.de<\/a>.<!--more Warte, da kommt noch mehr--><\/p>\n<p>Einer der Gesch\u00e4ftsf\u00fchrer ist Volker Stache aus Drabenderh\u00f6he, dem das Vereinsleben in und um Drabenderh\u00f6he besonders wichtig ist. Er selbst ist im Ernteverein aktiv.<\/p>\n<p>Wir danken f\u00fcr die Umterst\u00fctzung!<\/p>\n<p><a href=\"https:\/\/jennecken.de\/wp-content\/uploads\/2014\/01\/prometheus1.gif\"><img loading=\"lazy\" decoding=\"async\" class=\"size-full wp-image-586 alignleft\" alt=\"prometheus\" src=\"https:\/\/jennecken.de\/wp-content\/uploads\/2014\/01\/prometheus1.gif\" width=\"210\" height=\"70\" \/><\/a><\/p>\n","protected":false},"excerpt":{"rendered":"<p>Die Firma &#8222;Prometheus &#8211; Verm\u00f6gensmanagement GmbH&#8220; aus Langenfeld unterst\u00fctzt unseren Verein ab diesem Jahr. Informationen zu Prometheus bekommt ihr unter\u00a0www.prometheus.de.<\/p>\n","protected":false},"author":1001002,"featured_media":621,"comment_status":"closed","ping_status":"closed","sticky":false,"template":"","format":"standard","meta":{"footnotes":""},"categories":[4],"tags":[],"class_list":["post-600","post","type-post","status-publish","format-standard","has-post-thumbnail","hentry","category-neues-aus-jennecken"],"_links":{"self":[{"href":"https:\/\/jennecken.de\/index.php?rest_route=\/wp\/v2\/posts\/600","targetHints":{"allow":["GET"]}}],"collection":[{"href":"https:\/\/jennecken.de\/index.php?rest_route=\/wp\/v2\/posts"}],"about":[{"href":"https:\/\/jennecken.de\/index.php?rest_route=\/wp\/v2\/types\/post"}],"author":[{"embeddable":true,"href":"https:\/\/jennecken.de\/index.php?rest_route=\/wp\/v2\/users\/1001002"}],"replies":[{"embeddable":true,"href":"https:\/\/jennecken.de\/index.php?rest_route=%2Fwp%2Fv2%2Fcomments&post=600"}],"version-history":[{"count":6,"href":"https:\/\/jennecken.de\/index.php?rest_route=\/wp\/v2\/posts\/600\/revisions"}],"predecessor-version":[{"id":640,"href":"https:\/\/jennecken.de\/index.php?rest_route=\/wp\/v2\/posts\/600\/revisions\/640"}],"wp:featuredmedia":[{"embeddable":true,"href":"https:\/\/jennecken.de\/index.php?rest_route=\/wp\/v2\/media\/621"}],"wp:attachment":[{"href":"https:\/\/jennecken.de\/index.php?rest_route=%2Fwp%2Fv2%2Fmedia&parent=600"}],"wp:term":[{"taxonomy":"category","embeddable":true,"href":"https:\/\/jennecken.de\/index.php?rest_route=%2Fwp%2Fv2%2Fcategories&post=600"},{"taxonomy":"post_tag","embeddable":true,"href":"https:\/\/jennecken.de\/index.php?rest_route=%2Fwp%2Fv2%2Ftags&post=600"}],"curies":[{"name":"wp","href":"https:\/\/api.w.org\/{rel}","templated":true}]}}