{"id":945,"date":"2014-02-17T22:33:43","date_gmt":"2014-02-17T21:33:43","guid":{"rendered":"http:\/\/jennecken.de\/?p=945"},"modified":"2014-02-20T14:21:14","modified_gmt":"2014-02-20T13:21:14","slug":"bericht-zur-jahreshauptversammlung","status":"publish","type":"post","link":"https:\/\/jennecken.de\/?p=945","title":{"rendered":"Bericht zur Jahreshauptversammlung"},"content":{"rendered":"<p>Am Dienstag, dem 12.02.2014 fand unsere Jahreshauptversammlung im Dorfhaus statt. 17 stimmberechtigte Mitglieder waren anwesend. Nach der Er\u00f6ffnung und Begr\u00fc\u00dfung durch den 1. Vorsitzenden <!--more-->Reinhard Kinze erfolgte der R\u00fcckblick auf das vergangene Gesch\u00e4ftsjahr.Nicole Dohmgoergen (Schriftf\u00fchrerin) blickte auf die Veranstaltungen und Aktivit\u00e4ten zur\u00fcck, bevor Ingo Kr\u00e4mer (Kassierer) die Einnahmen und Ausgaben des vergangen Jahres erl\u00e4uterte.<\/p>\n<p>Neben stetig steigenden Fixkosten war hierbei auff\u00e4llig, dass die Einnahmen aus den Veranstaltungen die Erwartungen stark unterschritten haben. Das war der Hauptgrund daf\u00fcr, dass das Gesch\u00e4ftsjahr 2013 mit einem satten Minus abgeschlossen wurde.<br \/>\nIm Anschluss daran erfolgte der Bericht der Kassenpr\u00fcfer, mit der abschlie\u00dfenden Entlastung des Gesamtvorstandes und der Best\u00e4tigung des Haushaltsabschlusses f\u00fcr 2013.<\/p>\n<p>Der Ausblick auf das Gesch\u00e4ftsjahr 2014 begann mit der Haushaltsplanung. Trotz h\u00f6her geplanten Einnahmen aus den Veranstaltungen, konnte auch hier kein Kassenplus prognostiziert werden. Der vorgestellte Haushaltsplan wurde einstimmig verabschiedet.<\/p>\n<p>Die Neuwahl der Kassenpr\u00fcfer ergab, dass Rolf Hamann und Markus P\u00e4tzold f\u00fcr die n\u00e4chsten zwei Jahre gew\u00e4hlt wurden.<\/p>\n<p>Der Jahresausblick endete mit der Vorstellung der geplanten Termine f\u00fcr 2014. Die Daten sind auf unserer Homepage unter \u201eKalender\u201c einzusehen. Besonders zu erw\u00e4hnen ist, dass in diesem Jahr wieder ein Jennecker Erntewagen gebaut werden soll.<\/p>\n<p>Unter dem Punkt \u201eVerschiedenes\u201c wurde nochmals auf die Aufgaben und Zust\u00e4ndigkeiten des Ortsbeauftragten (Axel Peters) hingewiesen.<\/p>\n<p>Es wurde weiter diskutiert, wie die Attraktivit\u00e4t der Veranstaltungen gesteigert und damit nicht nur aus finanzieller Sicht Erfolg verzeichnet werden kann, sondern wie vor allem die Dorfgemeinschaft wieder zum Leben erweckt wird. Das ist der Sinn und Zweck des Vereins. Wenn von Seiten der Jennecker kein oder nur unzureichend Interesse an gemeinsamen Veranstaltungen besteht, muss man sich langfristig die Frage nach dem Sinn stellen. Zudem wurde nochmals darauf hingewiesen, dass die Einnahmen aus den Veranstaltungen einer der Haupttr\u00e4ger unserer Fixkosten sind. Dazu z\u00e4hlt haupts\u00e4chlich der Unterhalt unseres Dorfhauses! F\u00fcr Vorschl\u00e4ge und Verbesserungen hierzu kann der Vorstand jederzeit angesprochen werden.<\/p>\n<p>Weiter hat sich der Vorstand das Einbinden der j\u00fcngeren Generation auf die Fahne geschrieben. Um den Kontakt und die Information noch weiter zu verbessern, wurden hierzu neben der neuen Homepage noch eine Google+ und eine Facebook-Seite eingerichtet.<\/p>\n<p>Am Ende wurden noch die Dorfhausvermietung und die Dorfhausmiete angesprochen. Da es gerade bei externen Vermietungen immer wieder zu Unmut bei den direkt betroffenen Anliegern kommt, beh\u00e4lt sich der Vorstand vor, das Dorfhaus \u00fcberhaupt noch extern zu vermieten. Zudem m\u00fcssen die Reinigungskosten zuk\u00fcnftig in den Mietpreis eingerechnet, bzw. die Reinigung durch den Mieter geleistet werden. Eine n\u00e4here Information hierzu folgt in K\u00fcrze.<\/p>\n<p>Im Anschluss an den offiziellen Teil wurde, bei dem ein oder anderen K\u00f6lsch, noch gem\u00fctlich geplaudert.<\/p>\n","protected":false},"excerpt":{"rendered":"<p>Am Dienstag, dem 12.02.2014 fand unsere Jahreshauptversammlung im Dorfhaus statt. 17 stimmberechtigte Mitglieder waren anwesend. Nach der Er\u00f6ffnung und Begr\u00fc\u00dfung durch den 1. Vorsitzenden<\/p>\n","protected":false},"author":1001002,"featured_media":952,"comment_status":"closed","ping_status":"closed","sticky":false,"template":"","format":"standard","meta":{"footnotes":""},"categories":[4],"tags":[],"class_list":["post-945","post","type-post","status-publish","format-standard","has-post-thumbnail","hentry","category-neues-aus-jennecken"],"_links":{"self":[{"href":"https:\/\/jennecken.de\/index.php?rest_route=\/wp\/v2\/posts\/945","targetHints":{"allow":["GET"]}}],"collection":[{"href":"https:\/\/jennecken.de\/index.php?rest_route=\/wp\/v2\/posts"}],"about":[{"href":"https:\/\/jennecken.de\/index.php?rest_route=\/wp\/v2\/types\/post"}],"author":[{"embeddable":true,"href":"https:\/\/jennecken.de\/index.php?rest_route=\/wp\/v2\/users\/1001002"}],"replies":[{"embeddable":true,"href":"https:\/\/jennecken.de\/index.php?rest_route=%2Fwp%2Fv2%2Fcomments&post=945"}],"version-history":[{"count":5,"href":"https:\/\/jennecken.de\/index.php?rest_route=\/wp\/v2\/posts\/945\/revisions"}],"predecessor-version":[{"id":967,"href":"https:\/\/jennecken.de\/index.php?rest_route=\/wp\/v2\/posts\/945\/revisions\/967"}],"wp:featuredmedia":[{"embeddable":true,"href":"https:\/\/jennecken.de\/index.php?rest_route=\/wp\/v2\/media\/952"}],"wp:attachment":[{"href":"https:\/\/jennecken.de\/index.php?rest_route=%2Fwp%2Fv2%2Fmedia&parent=945"}],"wp:term":[{"taxonomy":"category","embeddable":true,"href":"https:\/\/jennecken.de\/index.php?rest_route=%2Fwp%2Fv2%2Fcategories&post=945"},{"taxonomy":"post_tag","embeddable":true,"href":"https:\/\/jennecken.de\/index.php?rest_route=%2Fwp%2Fv2%2Ftags&post=945"}],"curies":[{"name":"wp","href":"https:\/\/api.w.org\/{rel}","templated":true}]}}