{"id":985,"date":"2014-03-01T15:27:48","date_gmt":"2014-03-01T14:27:48","guid":{"rendered":"http:\/\/jennecken.de\/?p=985"},"modified":"2014-03-01T15:29:54","modified_gmt":"2014-03-01T14:29:54","slug":"jennecken-bei-facebook-und-google","status":"publish","type":"post","link":"https:\/\/jennecken.de\/?p=985","title":{"rendered":"Jennecken bei facebook und google+"},"content":{"rendered":"<p>Warum facebook und google+ f\u00fcr Jennecken?<\/p>\n<p>Neben den bereits bekannten Informationskan\u00e4len wie der neuen Homepage mit Newsletter, dem schwarzen Brett und den Umlaufzetteln hat sich der Vorstand dazu entschieden weitere Informationsquellen einzurichten und zu nutzen.<br \/>\nHierzu wurde ein facebook- und ein google-<b>Konto<\/b> <!--more-->mit dem Namen \u201e<b><i>Gemeinn\u00fctziger Verein Jennecken<\/i><\/b>\u201c eingerichtet.<\/p>\n<p>Ziel ist es den Informationsaustauch mit \u201eFreunden\u201c, vor allem den Jenneckern, herzustellen und weiter zu verbessern. Besonders die j\u00fcngere Generation soll hiermit verst\u00e4rkt angesprochen und eingebunden werden. Ehemalige Jennecker sind nat\u00fcrlich ebenso herzlich willkommen, wie Vereine oder Personen aus der Nachbarschaft.<br \/>\nAuf diesen Profil-Seiten werden zuk\u00fcnftig auch Nachrichten geposted, die <span style=\"text-decoration: underline;\">nicht <\/span>f\u00fcr die breite \u00d6ffentlichkeit bestimmt sind (nur Freunde, Gruppen, usw.). F\u00fcr ernsthafte Anregungen, Verbesserungsvorschl\u00e4ge oder Einladungen Eurerseits stehen diese Seiten nat\u00fcrlich ebenfalls zur Verf\u00fcgung. Bitte nicht zum\u00fcllen! Wenn etwas auf unserer Homepage ver\u00f6ffentlicht werden soll, lasst es uns wissen!<br \/>\nVielleicht wird hierdurch mehr Interesse an den Dorfaktivit\u00e4ten geweckt und wir gewinnen auf diese Weise das ein oder andere Vereinsmitglied hinzu. Mal sehen, wie sich das entwickelt. Die ersten Resonanzen sind jedenfalls positiv.<\/p>\n<p>F\u00fcr jedes dieser Konten gibt es zudem eine <b>Website<\/b> mit dem Namen \u201e<b><i>Jennecken<\/i><\/b>\u201c. Diese Seiten werden \u00fcber dIe \u201e<i>Folge uns&#8230;<\/i> -Buttons\u201c unsere Homepage aufgerufen.<br \/>\nHier werden <span style=\"text-decoration: underline;\">ausschlie\u00dflich<\/span> \u00f6ffentliche Berichte gepostet. Zudem kann und sollte hier jeder einen Beitrag einstellen, der von \u00f6ffentlichem Interesse ist, wie zum Beispiel eine Info \u00fcber seinen Verein.<br \/>\nEs w\u00e4re sch\u00f6n, wenn Ihr diesen Seiten ein \u201eLike\u201c oder + gebt und ihnen folgt.<\/p>\n<p>Wer kein facebook- oder google-Konto besitzt sollte sich unbedingt an unserem <a title=\"Anmeldung zum Newsletter\" href=\"https:\/\/jennecken.de\/?page_id=734\">Newsletter<\/a> anmelden, damit zuk\u00fcnftig keine wichtigen Jennecker- Informationen und -Termine verpasst werden!<\/p>\n","protected":false},"excerpt":{"rendered":"<p>Warum facebook und google+ f\u00fcr Jennecken? Neben den bereits bekannten Informationskan\u00e4len wie der neuen Homepage mit Newsletter, dem schwarzen Brett und den Umlaufzetteln hat sich der Vorstand dazu entschieden weitere Informationsquellen einzurichten und zu nutzen. Hierzu wurde ein facebook- und ein google-Konto<\/p>\n","protected":false},"author":1001002,"featured_media":0,"comment_status":"closed","ping_status":"closed","sticky":false,"template":"","format":"standard","meta":{"footnotes":""},"categories":[4],"tags":[],"class_list":["post-985","post","type-post","status-publish","format-standard","hentry","category-neues-aus-jennecken"],"_links":{"self":[{"href":"https:\/\/jennecken.de\/index.php?rest_route=\/wp\/v2\/posts\/985","targetHints":{"allow":["GET"]}}],"collection":[{"href":"https:\/\/jennecken.de\/index.php?rest_route=\/wp\/v2\/posts"}],"about":[{"href":"https:\/\/jennecken.de\/index.php?rest_route=\/wp\/v2\/types\/post"}],"author":[{"embeddable":true,"href":"https:\/\/jennecken.de\/index.php?rest_route=\/wp\/v2\/users\/1001002"}],"replies":[{"embeddable":true,"href":"https:\/\/jennecken.de\/index.php?rest_route=%2Fwp%2Fv2%2Fcomments&post=985"}],"version-history":[{"count":13,"href":"https:\/\/jennecken.de\/index.php?rest_route=\/wp\/v2\/posts\/985\/revisions"}],"predecessor-version":[{"id":4789,"href":"https:\/\/jennecken.de\/index.php?rest_route=\/wp\/v2\/posts\/985\/revisions\/4789"}],"wp:attachment":[{"href":"https:\/\/jennecken.de\/index.php?rest_route=%2Fwp%2Fv2%2Fmedia&parent=985"}],"wp:term":[{"taxonomy":"category","embeddable":true,"href":"https:\/\/jennecken.de\/index.php?rest_route=%2Fwp%2Fv2%2Fcategories&post=985"},{"taxonomy":"post_tag","embeddable":true,"href":"https:\/\/jennecken.de\/index.php?rest_route=%2Fwp%2Fv2%2Ftags&post=985"}],"curies":[{"name":"wp","href":"https:\/\/api.w.org\/{rel}","templated":true}]}}